{"id":24052,"date":"2021-07-25T21:34:10","date_gmt":"2021-07-26T00:34:10","guid":{"rendered":"https:\/\/infovera.com.ar\/web\/?p=24052"},"modified":"2021-07-25T21:34:10","modified_gmt":"2021-07-26T00:34:10","slug":"domingo-con-11-casos-positivos-nuevos","status":"publish","type":"post","link":"https:\/\/infovera.com.ar\/web\/2021\/07\/25\/domingo-con-11-casos-positivos-nuevos\/","title":{"rendered":"Domingo con 11 casos positivos nuevos"},"content":{"rendered":"<p><strong>Informe de fecha 25\/07\/2021. 20,00 hs. Covid-19 Informe diario &#8211; Departamento Vera <\/strong><strong>Comit\u00e9 departamental de emergencia por Coronavirus.<\/strong><\/p>\n<p><span style=\"color: #ff0000;\"><strong>VERA<\/strong><\/span><br \/>\n<span style=\"color: #ff0000;\"><strong>Positivos nuevos 1. (Determinado por m\u00e9todo PCR).<\/strong><\/span><br \/>\nResultados Negativos 2. (Determinados por m\u00e9todo AG).<br \/>\n<strong>Sospechosos 5.<\/strong><br \/>\nCasos positivos acumulados 1811.<br \/>\nTotal de Recuperados 1752. (En el d\u00eda de la fecha se otorgaron 4 altas).<br \/>\nFallecidos acumulados 38.<br \/>\nPositivos Activos 21.<br \/>\nInternados 2. (1 en el hospital de Vera; 1 en un establecimiento de salud de Rosario).<br \/>\nPersonas en aislamiento preventivo: 137.<\/p>\n<p><span style=\"color: #ff0000;\"><strong>CALCHAQU\u00cd<\/strong><\/span><br \/>\n<span style=\"color: #ff0000;\"><strong>Positivos nuevos 5. (Determinados por m\u00e9todo AG).<\/strong><\/span><br \/>\nCasos positivos acumulados 1155.<br \/>\nTotal de Recuperados 1014. (En el d\u00eda de la fecha se otorgaron 6 altas).<br \/>\nFallecidos acumulados 35.<br \/>\nPositivos Activos 106.<br \/>\nInternados 7. (2 en el Samco local; 2 en el hospital de Vera; 1 en el hospital de Reconquista; 1 en Santa Fe; 1 en Rafaela).<br \/>\nPersonas en aislamiento preventivo: 236.<\/p>\n<p><span style=\"color: #ff0000;\"><strong>MARGARITA<\/strong><\/span><br \/>\n<span style=\"color: #ff0000;\"><strong>Positivos nuevos 2. (Determinados por m\u00e9todo AG).<\/strong><\/span><br \/>\nResultados Negativos 1. (Determinado por m\u00e9todo AG).<br \/>\nCasos positivos acumulados 414.<br \/>\nTotal de Recuperados 358. (En el d\u00eda de la fecha se otorgaron 5 altas).<br \/>\nFallecidos acumulados 8.<br \/>\nPositivos Activos 48.<br \/>\nInternados 8. (3 en el Samco local; 1 en el hospital de Reconquista; 3 en el hospital de Vera; 1 en un establecimiento de salud de Santa Fe).<br \/>\nPersonas en aislamiento preventivo: 128.<\/p>\n<p><span style=\"color: #ff0000;\"><strong>LA GALLARETA<\/strong><\/span><br \/>\n<span style=\"color: #ff0000;\"><strong>Positivos nuevos 3. (Determinados por m\u00e9todo AG).<\/strong><\/span><br \/>\nResultados Negativos 2. (Determinados por m\u00e9todo AG).<br \/>\nSospechosos 2. (En sus domicilios; hisopados en el d\u00eda de la fecha, a la espera de los resultados por PCR).<br \/>\nCasos positivos acumulados 135.<br \/>\nTotal de Recuperados 128.<br \/>\nFallecidos acumulados 2.<br \/>\nPositivos Activos 5.<br \/>\nInternados 1. (En un centro de salud de Santa Fe).<br \/>\nPersonas en aislamiento preventivo: 9. (Por tener contacto estrecho con un caso positivo y con un caso sospechoso).<\/p>\n<p><strong>FORTIN OLMOS<\/strong><br \/>\n<strong>Sospechosos 3. (En sus domicilios).<\/strong><br \/>\nCasos positivos acumulados 187.<br \/>\nTotal de Recuperados 169.<br \/>\nFallecidos acumulados 7.<br \/>\nPositivos Activos 11.<br \/>\nInternados 4. (1 en el sanatorio Norte de Avellaneda; 1 en el hospital de Vera; 2 en el hospital de Reconquista).<br \/>\nPersonas en aislamiento preventivo: 61. (Por tener contacto estrecho con un caso positivo y con un caso sospechoso).<\/p>\n<p><strong>INTIYACO<\/strong><br \/>\nCasos positivos acumulados 189.<br \/>\nTotal de Recuperados 183.<br \/>\nFallecidos acumulados 3.<br \/>\nPositivos Activos 3. (En sus domicilios con buen estado de salud).<br \/>\nPersonas en aislamiento preventivo: 6. (Por tener contacto estrecho con un caso positivo).<\/p>\n<p><strong>COLMENA<\/strong><br \/>\nCasos positivos acumulados 9.<br \/>\nTotal de Recuperados 8.<br \/>\nPositivos Activos 1.<br \/>\nInternados 1. (En el hospital central de Reconquista).<br \/>\nPersonas en aislamiento preventivo: 0.<\/p>\n<p><strong>GARABATO<\/strong><br \/>\n<strong>Sospechosos 1.<\/strong><br \/>\nCasos positivos acumulados 113.<br \/>\nTotal de Recuperados 94. (En el d\u00eda de la fecha se otorg\u00f3 1 alta).<br \/>\nFallecidos acumulados 7.<br \/>\nPositivos Activos 12.<br \/>\nInternados 2. (En el hospital central de Reconquista).<br \/>\nPersonas en aislamiento preventivo: 27. (25 por tener contacto estrecho con un caso positivo; 2 por tener contacto estrecho con un caso sospechoso).<\/p>\n<p><strong>TARTAGAL<\/strong><br \/>\n<strong>Sospechosos 1.<\/strong><br \/>\nCasos positivos acumulados 120.<br \/>\nTotal de Recuperados 109.<br \/>\nFallecidos acumulados 6.<br \/>\nPositivos Activos 5. (En sus domicilios con buen estado de salud).<br \/>\nPersonas en aislamiento preventivo: 49.<\/p>\n<p><strong>TOBA<\/strong><br \/>\nCasos positivos acumulados 63.<br \/>\nTotal de Recuperados 61.<br \/>\nFallecidos acumulados 1.<br \/>\nPositivos Activos 1. (En su domicilio con buen estado de salud).<br \/>\nPersonas en aislamiento preventivo: 6. (Por tener contacto estrecho con un caso positivo).<\/p>\n<p><strong>GOLONDRINA<\/strong><br \/>\nCasos positivos acumulados 28.<br \/>\nTotal de Recuperados 28.<br \/>\nPersonas en aislamiento preventivo: 0.<br \/>\nComit\u00e9 departamental de emergencia por Coronavirus 3<\/p>\n<p><strong>LOS AMORES<\/strong><br \/>\n<strong>Sospechosos 1.<\/strong><br \/>\nCasos positivos acumulados 66.<br \/>\nTotal de Recuperados 63.<br \/>\nFallecidos acumulados 2.<br \/>\nPositivos Activos 1. (En su domicilio con buen estado de salud).<br \/>\nPersonas en aislamiento preventivo: 3.<\/p>\n<p><strong>CA\u00d1ADA OMB\u00da<\/strong><br \/>\n<strong>Sospechosos 1. (Internado en UTI del hospital de Reconquista, a la espera del resultado por PCR).<\/strong><br \/>\nCasos positivos acumulados 17.<br \/>\nTotal de Recuperados 17.<br \/>\nPositivos Activos 0.<br \/>\nPersonas en aislamiento preventivo: 0.<\/p>\n<p><strong>LOS TABANOS<\/strong><br \/>\nCasos positivos acumulados 9.<br \/>\nTotal de Recuperados 7.<br \/>\nFallecidos acumulados 1.<br \/>\nPositivos Activos 1. (En su domicilio con buen estado de salud).<br \/>\nPersonas en aislamiento preventivo: 5. (Por tener contacto estrecho con un caso positivo).<\/p>\n<p>RESTO DE LAS LOCALIDADES DEL DEPARTAMENTO<\/p>\n","protected":false},"excerpt":{"rendered":"<p>Informe de fecha 25\/07\/2021. 20,00 hs. Covid-19 Informe diario &#8211; Departamento Vera Comit\u00e9 departamental de emergencia por Coronavirus. VERA Positivos nuevos 1. (Determinado por m\u00e9todo PCR). Resultados Negativos 2. (Determinados por m\u00e9todo AG). Sospechosos 5. Casos positivos acumulados 1811. Total de Recuperados 1752. (En el d\u00eda de la fecha se otorgaron 4 altas). Fallecidos acumulados [&hellip;]<\/p>\n","protected":false},"author":3,"featured_media":0,"comment_status":"open","ping_status":"open","sticky":false,"template":"","format":"standard","meta":{"_joinchat":[],"footnotes":""},"categories":[51],"tags":[],"class_list":{"0":"post-24052","1":"post","2":"type-post","3":"status-publish","4":"format-standard","6":"category-locales"},"_links":{"self":[{"href":"https:\/\/infovera.com.ar\/web\/wp-json\/wp\/v2\/posts\/24052","targetHints":{"allow":["GET"]}}],"collection":[{"href":"https:\/\/infovera.com.ar\/web\/wp-json\/wp\/v2\/posts"}],"about":[{"href":"https:\/\/infovera.com.ar\/web\/wp-json\/wp\/v2\/types\/post"}],"author":[{"embeddable":true,"href":"https:\/\/infovera.com.ar\/web\/wp-json\/wp\/v2\/users\/3"}],"replies":[{"embeddable":true,"href":"https:\/\/infovera.com.ar\/web\/wp-json\/wp\/v2\/comments?post=24052"}],"version-history":[{"count":0,"href":"https:\/\/infovera.com.ar\/web\/wp-json\/wp\/v2\/posts\/24052\/revisions"}],"wp:attachment":[{"href":"https:\/\/infovera.com.ar\/web\/wp-json\/wp\/v2\/media?parent=24052"}],"wp:term":[{"taxonomy":"category","embeddable":true,"href":"https:\/\/infovera.com.ar\/web\/wp-json\/wp\/v2\/categories?post=24052"},{"taxonomy":"post_tag","embeddable":true,"href":"https:\/\/infovera.com.ar\/web\/wp-json\/wp\/v2\/tags?post=24052"}],"curies":[{"name":"wp","href":"https:\/\/api.w.org\/{rel}","templated":true}]}}