{"id":23951,"date":"2021-07-23T10:24:18","date_gmt":"2021-07-23T13:24:18","guid":{"rendered":"https:\/\/infovera.com.ar\/web\/?p=23951"},"modified":"2021-07-25T22:04:16","modified_gmt":"2021-07-26T01:04:16","slug":"la-gallareta-tendra-su-cajero-automatico","status":"publish","type":"post","link":"https:\/\/infovera.com.ar\/web\/2021\/07\/23\/la-gallareta-tendra-su-cajero-automatico\/","title":{"rendered":"La Gallareta tendr\u00e1 su cajero autom\u00e1tico"},"content":{"rendered":"<p><strong>Lo anunci\u00f3 el presidente comunal Fernando Nicola.<\/strong><\/p>\n<p>El titular comunal de La Gallareta confirm\u00f3 que la localidad contar\u00e1 con su cajero autom\u00e1tico: &#8220;Cuando asum\u00ed la responsabilidad de conducir los destinos de nuestro pueblo, estaba muy seguro que junto al equipo que me acompa\u00f1a, La Gallareta llegue a lo m\u00e1s alto. Escuchando a todos los sectores de la comunidad salier\u00f3n las propuestas de campa\u00f1a, luego hicimos el compromiso de hacerlas realidad y nos dieron la oportunidad de poder demostrarles que pod\u00edamos concretarlas y en menos de 4 a\u00f1os, todos esos compromisos que parecian un sue\u00f1o, que jam\u00e1s se podian hacerse realidad, hoy toda la comunidad puede verlos concretados&#8221;.<\/p>\n<p>Nicola dijo que &#8220;para poder lograr estos sue\u00f1os dediqu\u00e9 todo mi tiempo y constancia volcado a la gesti\u00f3n y siempre estando cerca de la gente, porque a ellos me debo y quiero dejarles un mensaje, en lo personal, estoy muy orgulloso por demostrarle con hechos mis compromisos y garantizarles todas las oportunidades de progresar a sus familias&#8221;.<\/p>\n<p>&#8220;Ser\u00e1n ustedes los responsables de seguir cuidando y sobre todo garantizarles a sus hijos, nietos y sobrinos el futuro lleno de esperanzas, que hoy tienen.Reafirmo mi compromiso en seguir trabajando para nuestro querido pueblo y que siga estando en la cima como se merece. Un saludo con mucho afecto para todos&#8221;m finaliz\u00f3.<\/p>\n","protected":false},"excerpt":{"rendered":"<p>Lo anunci\u00f3 el presidente comunal Fernando Nicola. El titular comunal de La Gallareta confirm\u00f3 que la localidad contar\u00e1 con su cajero autom\u00e1tico: &#8220;Cuando asum\u00ed la responsabilidad de conducir los destinos de nuestro pueblo, estaba muy seguro que junto al equipo que me acompa\u00f1a, La Gallareta llegue a lo m\u00e1s alto. Escuchando a todos los sectores [&hellip;]<\/p>\n","protected":false},"author":3,"featured_media":23954,"comment_status":"open","ping_status":"open","sticky":false,"template":"","format":"standard","meta":{"_joinchat":[],"footnotes":""},"categories":[51],"tags":[],"class_list":{"0":"post-23951","1":"post","2":"type-post","3":"status-publish","4":"format-standard","5":"has-post-thumbnail","7":"category-locales"},"_links":{"self":[{"href":"https:\/\/infovera.com.ar\/web\/wp-json\/wp\/v2\/posts\/23951","targetHints":{"allow":["GET"]}}],"collection":[{"href":"https:\/\/infovera.com.ar\/web\/wp-json\/wp\/v2\/posts"}],"about":[{"href":"https:\/\/infovera.com.ar\/web\/wp-json\/wp\/v2\/types\/post"}],"author":[{"embeddable":true,"href":"https:\/\/infovera.com.ar\/web\/wp-json\/wp\/v2\/users\/3"}],"replies":[{"embeddable":true,"href":"https:\/\/infovera.com.ar\/web\/wp-json\/wp\/v2\/comments?post=23951"}],"version-history":[{"count":0,"href":"https:\/\/infovera.com.ar\/web\/wp-json\/wp\/v2\/posts\/23951\/revisions"}],"wp:featuredmedia":[{"embeddable":true,"href":"https:\/\/infovera.com.ar\/web\/wp-json\/wp\/v2\/media\/23954"}],"wp:attachment":[{"href":"https:\/\/infovera.com.ar\/web\/wp-json\/wp\/v2\/media?parent=23951"}],"wp:term":[{"taxonomy":"category","embeddable":true,"href":"https:\/\/infovera.com.ar\/web\/wp-json\/wp\/v2\/categories?post=23951"},{"taxonomy":"post_tag","embeddable":true,"href":"https:\/\/infovera.com.ar\/web\/wp-json\/wp\/v2\/tags?post=23951"}],"curies":[{"name":"wp","href":"https:\/\/api.w.org\/{rel}","templated":true}]}}