{"id":23940,"date":"2021-07-22T19:56:00","date_gmt":"2021-07-22T22:56:00","guid":{"rendered":"https:\/\/infovera.com.ar\/web\/?p=23940"},"modified":"2021-07-23T11:59:14","modified_gmt":"2021-07-23T14:59:14","slug":"coronavirus-la-provincia-ya-vacuno-al-90-de-las-personas-con-discapacidad","status":"publish","type":"post","link":"https:\/\/infovera.com.ar\/web\/2021\/07\/22\/coronavirus-la-provincia-ya-vacuno-al-90-de-las-personas-con-discapacidad\/","title":{"rendered":"Coronavirus: la provincia ya vacun\u00f3 al 90% de las personas con discapacidad"},"content":{"rendered":"<p><strong>Adem\u00e1s, qui\u00e9nes se inscriban en el Registro Provincial de Vacunaci\u00f3n podr\u00e1n anotar su Certificado \u00danico de Discapacidad.<\/strong><\/p>\n<p>En el marco del operativo de vacunaci\u00f3n de Covid-19, que avanza a gran velocidad en toda la provincia, ya recibieron, al menos una dosis, el 90% de las personas con discapacidad y de riesgo de 18 a 59 a\u00f1os. Adem\u00e1s, desde este jueves se puede sumar el Certificado \u00danico de Discapacidad (CUD) en el Registro Provincial de Vacunaci\u00f3n Coronavirus.<\/p>\n<p>Desde el inicio de la inscripci\u00f3n, ya se anotaron 59 mil personas con discapacidad para recibir la vacuna del Coronavirus. Al d\u00eda de hoy, ya recibieron, al menos una dosis, 53.153 personas de este grupo poblacional.<\/p>\n<p>Adem\u00e1s, a partir del 22 de julio del corriente a\u00f1o, aquellas personas que posean Certificado \u00danico de Discapacidad (CUD) podr\u00e1n seleccionar dicha opci\u00f3n a la hora de registrarse voluntariamente para recibir la vacuna contra el Covid-19.<\/p>\n<p>Si bien se realiza el cruce de datos correspondientes con el listado de Certificados \u00danicos de Discapacidad, a partir de ahora cada beneficiario y beneficiaria podr\u00e1 tambi\u00e9n seleccionarlo en el Registro de vacunaci\u00f3n.<\/p>\n","protected":false},"excerpt":{"rendered":"<p>Adem\u00e1s, qui\u00e9nes se inscriban en el Registro Provincial de Vacunaci\u00f3n podr\u00e1n anotar su Certificado \u00danico de Discapacidad. En el marco del operativo de vacunaci\u00f3n de Covid-19, que avanza a gran velocidad en toda la provincia, ya recibieron, al menos una dosis, el 90% de las personas con discapacidad y de riesgo de 18 a 59 [&hellip;]<\/p>\n","protected":false},"author":3,"featured_media":23942,"comment_status":"open","ping_status":"open","sticky":false,"template":"","format":"standard","meta":{"_joinchat":[],"footnotes":""},"categories":[60],"tags":[],"class_list":{"0":"post-23940","1":"post","2":"type-post","3":"status-publish","4":"format-standard","5":"has-post-thumbnail","7":"category-provinciales"},"_links":{"self":[{"href":"https:\/\/infovera.com.ar\/web\/wp-json\/wp\/v2\/posts\/23940","targetHints":{"allow":["GET"]}}],"collection":[{"href":"https:\/\/infovera.com.ar\/web\/wp-json\/wp\/v2\/posts"}],"about":[{"href":"https:\/\/infovera.com.ar\/web\/wp-json\/wp\/v2\/types\/post"}],"author":[{"embeddable":true,"href":"https:\/\/infovera.com.ar\/web\/wp-json\/wp\/v2\/users\/3"}],"replies":[{"embeddable":true,"href":"https:\/\/infovera.com.ar\/web\/wp-json\/wp\/v2\/comments?post=23940"}],"version-history":[{"count":0,"href":"https:\/\/infovera.com.ar\/web\/wp-json\/wp\/v2\/posts\/23940\/revisions"}],"wp:featuredmedia":[{"embeddable":true,"href":"https:\/\/infovera.com.ar\/web\/wp-json\/wp\/v2\/media\/23942"}],"wp:attachment":[{"href":"https:\/\/infovera.com.ar\/web\/wp-json\/wp\/v2\/media?parent=23940"}],"wp:term":[{"taxonomy":"category","embeddable":true,"href":"https:\/\/infovera.com.ar\/web\/wp-json\/wp\/v2\/categories?post=23940"},{"taxonomy":"post_tag","embeddable":true,"href":"https:\/\/infovera.com.ar\/web\/wp-json\/wp\/v2\/tags?post=23940"}],"curies":[{"name":"wp","href":"https:\/\/api.w.org\/{rel}","templated":true}]}}