{"id":23930,"date":"2021-07-22T20:47:27","date_gmt":"2021-07-22T23:47:27","guid":{"rendered":"https:\/\/infovera.com.ar\/web\/?p=23930"},"modified":"2021-07-23T11:53:21","modified_gmt":"2021-07-23T14:53:21","slug":"robo-en-una-tienda-y-cuando-le-pidieron-que-devuelva-la-ropa-provoco-danos-en-el-local","status":"publish","type":"post","link":"https:\/\/infovera.com.ar\/web\/2021\/07\/22\/robo-en-una-tienda-y-cuando-le-pidieron-que-devuelva-la-ropa-provoco-danos-en-el-local\/","title":{"rendered":"Rob\u00f3 en una tienda y cuando le pidieron que devuelva la ropa, provoc\u00f3 da\u00f1os en el local"},"content":{"rendered":"<p><strong>La mujer en cuesti\u00f3n fue aprehendida.<\/strong><\/p>\n<p>En la jornada del mi\u00e9rcoles, la propietaria del local de venta de ropa Ayel\u00e9n, ubicado por San Mart\u00edn al 1.800 de Vera, denunci\u00f3 que una mujer le sustrajo prendas de vestir desde el interior del local.<\/p>\n<p>Y que al reclamarle la acci\u00f3n y que devolviera lo robado, la ladrona le provoc\u00f3 da\u00f1os en el local.<\/p>\n<p>Intervino entonces personal de la Comisar\u00eda Primera que logr\u00f3 aprehenderla y trasladarla a sede policial realizando las actuaciones correspondientes.<\/p>\n<p>Interviene Unidad Fiscal Nro 4 distrito Vera.<\/p>\n<p><img loading=\"lazy\" decoding=\"async\" class=\" wp-image-22351 aligncenter\" src=\"https:\/\/infovera.com.ar\/web\/wp-content\/uploads\/2021\/06\/ACOSTA-3-300x54.jpg\" alt=\"\" width=\"633\" height=\"114\" srcset=\"https:\/\/infovera.com.ar\/web\/wp-content\/uploads\/2021\/06\/ACOSTA-3-300x54.jpg 300w, https:\/\/infovera.com.ar\/web\/wp-content\/uploads\/2021\/06\/ACOSTA-3.jpg 670w\" sizes=\"auto, (max-width: 633px) 100vw, 633px\" \/><\/p>\n<p>&nbsp;<\/p>\n","protected":false},"excerpt":{"rendered":"<p>La mujer en cuesti\u00f3n fue aprehendida. En la jornada del mi\u00e9rcoles, la propietaria del local de venta de ropa Ayel\u00e9n, ubicado por San Mart\u00edn al 1.800 de Vera, denunci\u00f3 que una mujer le sustrajo prendas de vestir desde el interior del local. Y que al reclamarle la acci\u00f3n y que devolviera lo robado, la ladrona [&hellip;]<\/p>\n","protected":false},"author":3,"featured_media":23953,"comment_status":"open","ping_status":"open","sticky":false,"template":"","format":"standard","meta":{"_joinchat":[],"footnotes":""},"categories":[30,53],"tags":[],"class_list":{"0":"post-23930","1":"post","2":"type-post","3":"status-publish","4":"format-standard","5":"has-post-thumbnail","7":"category-policiales","8":"category-vera"},"_links":{"self":[{"href":"https:\/\/infovera.com.ar\/web\/wp-json\/wp\/v2\/posts\/23930","targetHints":{"allow":["GET"]}}],"collection":[{"href":"https:\/\/infovera.com.ar\/web\/wp-json\/wp\/v2\/posts"}],"about":[{"href":"https:\/\/infovera.com.ar\/web\/wp-json\/wp\/v2\/types\/post"}],"author":[{"embeddable":true,"href":"https:\/\/infovera.com.ar\/web\/wp-json\/wp\/v2\/users\/3"}],"replies":[{"embeddable":true,"href":"https:\/\/infovera.com.ar\/web\/wp-json\/wp\/v2\/comments?post=23930"}],"version-history":[{"count":0,"href":"https:\/\/infovera.com.ar\/web\/wp-json\/wp\/v2\/posts\/23930\/revisions"}],"wp:featuredmedia":[{"embeddable":true,"href":"https:\/\/infovera.com.ar\/web\/wp-json\/wp\/v2\/media\/23953"}],"wp:attachment":[{"href":"https:\/\/infovera.com.ar\/web\/wp-json\/wp\/v2\/media?parent=23930"}],"wp:term":[{"taxonomy":"category","embeddable":true,"href":"https:\/\/infovera.com.ar\/web\/wp-json\/wp\/v2\/categories?post=23930"},{"taxonomy":"post_tag","embeddable":true,"href":"https:\/\/infovera.com.ar\/web\/wp-json\/wp\/v2\/tags?post=23930"}],"curies":[{"name":"wp","href":"https:\/\/api.w.org\/{rel}","templated":true}]}}