{"id":23907,"date":"2021-07-22T13:26:03","date_gmt":"2021-07-22T16:26:03","guid":{"rendered":"https:\/\/infovera.com.ar\/web\/?p=23907"},"modified":"2021-07-22T13:26:03","modified_gmt":"2021-07-22T16:26:03","slug":"a-partir-del-proximo-lunes-se-podran-tramitar-los-dni-no-binarios-en-la-provincia","status":"publish","type":"post","link":"https:\/\/infovera.com.ar\/web\/2021\/07\/22\/a-partir-del-proximo-lunes-se-podran-tramitar-los-dni-no-binarios-en-la-provincia\/","title":{"rendered":"A partir del pr\u00f3ximo lunes se podr\u00e1n tramitar los DNI No Binarios en la provincia"},"content":{"rendered":"<p><strong>Desde la sanci\u00f3n de la Ley N\u00ba 26743, el Registro Civil recibi\u00f3 1201 solicitudes de cambios registrales que involucran a personas que se auto percib\u00edan con otro sexo y se realizaron las rectificaciones en las partidas de nacimiento.<\/strong><br \/>\n<strong>\u00a0<\/strong><br \/>\nEn el marco de la firma del decreto nacional N\u00ba 476\/2021 que contempla la incorporaci\u00f3n en los Documentos Nacionales de Identidad (DNI) del Sistema No Binario, el secretario de Justicia de la provincia, Gabriel Somaglia, brind\u00f3 detalles de su implementaci\u00f3n en el territorio santafesino.\u201cCelebramos y estamos muy contentos por esta disposici\u00f3n a nivel nacional, que es el reconocimiento de todas las personas no binarias para que puedan obtener el acceso al DNI. A partir de esta disposici\u00f3n el acceso a la identidad tendr\u00e1 la calificaci\u00f3n que cada persona libremente pueda elegir\u201d, se\u00f1al\u00f3 el funcionario.<\/p>\n<p>\u201cEsto no s\u00f3lo es un reconocimiento de derechos al acceso a la identidad, sino que es un reconocimiento de derechos a la diversidad, a la libertad y admisibilidad para todas las personas\u201d, a\u00f1adi\u00f3 Somaglia.<\/p>\n<p><strong>A PARTIR DEL LUNES<\/strong><\/p>\n<p>Por su parte, el director del Registro Civil, Mariano G\u00e1lvez, explic\u00f3 que \u201cel documento estar\u00e1 disponible para la solicitud a partir del lunes pr\u00f3ximo. El RENAPER est\u00e1 adecuando su software, lo cual permite a la provincia hacer las solicitudes\u201d.<\/p>\n<p>\u201cPreviamente al tr\u00e1mite del DNI se deber\u00e1 realizar la rectificaci\u00f3n de la partida de nacimiento. As\u00ed lo establece la Ley N.\u00ba 26743, de Identidad de G\u00e9nero, y se requiere como primer paso el bloqueo del acta de nacimiento original, y que se genere una nueva acta conforme a la solicitud que se gestionado. A partir de all\u00ed, se podr\u00e1 solicitar el nuevo DNI\u201d, complet\u00f3 G\u00e1lvez .<\/p>\n<p>A su turno, la subsecretaria de Igualdad y Diversidad, Nerea Tacari, expres\u00f3 que este hecho \u201ces un avance que vuelve a colocar a la Argentina a la vanguardia, en torno a la aplicaci\u00f3n y reconocimiento de derechos de un colectivo y de personas hist\u00f3ricamente excluidas y discriminadas. Santa Fe permit\u00eda la rectificaci\u00f3n en la partida de nacimiento y colocar en la categor\u00eda sexo la identidad autopercibida, pero no permit\u00eda despu\u00e9s acceder a un DNI, por lo que esper\u00e1bamos este decreto nacional anunciado ayer\u201d, subray\u00f3.<\/p>\n<p>Asimismo, la funcionaria provincial anunci\u00f3 que \u201ca partir de ma\u00f1ana comenzamos con la implementaci\u00f3n efectiva de la ley de cupo laboral trans; estamos garantizando el acceso a la educaci\u00f3n secundarias de las personas trans- travestis; y la implementaci\u00f3n de la Ley de Micaela, en toda la provincia\u201d, record\u00f3, al tiempo que asegur\u00f3 que \u201cvamos a trabajar para la adecuada implementaci\u00f3n de este documento, con equipos del Ministerio, para informar y asesorar en el acceso a este tr\u00e1mite\u201d.<\/p>\n<p><strong>SOLICITUDES REALIZADAS EN LA PROVINCIA<\/strong><\/p>\n<p>Desde la sanci\u00f3n de la Ley N\u00ba 26743, el Registro Civil recibi\u00f3 1201 solicitudes de cambios registrales que involucran a personas que se auto percib\u00edan con otro sexo y se realizaron las rectificaciones en las partidas de nacimiento.<\/p>\n<p>En ese contexto, siete personas solicitaron y obtuvieron la calificaci\u00f3n de personas auto percibidas.<\/p>\n<p>Actualmente existen 12 solicitudes que se admitir\u00edan en el DNI No Binario ya que no se encuentran contenidas dentro de la calificaci\u00f3n \u201cfemenino\u201d o \u201cmasculino\u201d.<\/p>\n","protected":false},"excerpt":{"rendered":"<p>Desde la sanci\u00f3n de la Ley N\u00ba 26743, el Registro Civil recibi\u00f3 1201 solicitudes de cambios registrales que involucran a personas que se auto percib\u00edan con otro sexo y se realizaron las rectificaciones en las partidas de nacimiento. \u00a0 En el marco de la firma del decreto nacional N\u00ba 476\/2021 que contempla la incorporaci\u00f3n en [&hellip;]<\/p>\n","protected":false},"author":3,"featured_media":23909,"comment_status":"open","ping_status":"open","sticky":false,"template":"","format":"standard","meta":{"_joinchat":[],"footnotes":""},"categories":[60],"tags":[],"class_list":{"0":"post-23907","1":"post","2":"type-post","3":"status-publish","4":"format-standard","5":"has-post-thumbnail","7":"category-provinciales"},"_links":{"self":[{"href":"https:\/\/infovera.com.ar\/web\/wp-json\/wp\/v2\/posts\/23907","targetHints":{"allow":["GET"]}}],"collection":[{"href":"https:\/\/infovera.com.ar\/web\/wp-json\/wp\/v2\/posts"}],"about":[{"href":"https:\/\/infovera.com.ar\/web\/wp-json\/wp\/v2\/types\/post"}],"author":[{"embeddable":true,"href":"https:\/\/infovera.com.ar\/web\/wp-json\/wp\/v2\/users\/3"}],"replies":[{"embeddable":true,"href":"https:\/\/infovera.com.ar\/web\/wp-json\/wp\/v2\/comments?post=23907"}],"version-history":[{"count":0,"href":"https:\/\/infovera.com.ar\/web\/wp-json\/wp\/v2\/posts\/23907\/revisions"}],"wp:featuredmedia":[{"embeddable":true,"href":"https:\/\/infovera.com.ar\/web\/wp-json\/wp\/v2\/media\/23909"}],"wp:attachment":[{"href":"https:\/\/infovera.com.ar\/web\/wp-json\/wp\/v2\/media?parent=23907"}],"wp:term":[{"taxonomy":"category","embeddable":true,"href":"https:\/\/infovera.com.ar\/web\/wp-json\/wp\/v2\/categories?post=23907"},{"taxonomy":"post_tag","embeddable":true,"href":"https:\/\/infovera.com.ar\/web\/wp-json\/wp\/v2\/tags?post=23907"}],"curies":[{"name":"wp","href":"https:\/\/api.w.org\/{rel}","templated":true}]}}