{"id":23897,"date":"2021-07-22T13:03:39","date_gmt":"2021-07-22T16:03:39","guid":{"rendered":"https:\/\/infovera.com.ar\/web\/?p=23897"},"modified":"2021-07-23T10:26:17","modified_gmt":"2021-07-23T13:26:17","slug":"la-leyenda-de-la-laguna-el-cristal","status":"publish","type":"post","link":"https:\/\/infovera.com.ar\/web\/2021\/07\/22\/la-leyenda-de-la-laguna-el-cristal\/","title":{"rendered":"La leyenda de la laguna &#8220;El Cristal&#8221;"},"content":{"rendered":"<p><strong>Cortometraje realizado en Calchaqu\u00ed.<\/strong><\/p>\n<p>Fue seleccionado para participar del 10\u00b0 Festival Internacional de Cine Infantil, &#8220;\u00a1Ojo al Piojo!&#8221;<\/p>\n<p>El festival se realizar\u00e1 en Rosario, del 19 al 22 de agosto.<\/p>\n<p>Este cortometraje fue producido por Motor Audiovisual, con la participaci\u00f3n de vecinos y vecinas de Calchaqu\u00ed.<\/p>\n<p><strong>Motor Audiovisual:<\/strong><\/p>\n<p><iframe loading=\"lazy\" title=\"LA LEYENDA DE LA LAGUNA &quot;EL CRISTAL&quot; - Calchaqu\u00ed (Santa Fe, Argentina)\" width=\"696\" height=\"392\" src=\"https:\/\/www.youtube.com\/embed\/kHMW0q0E6SY?feature=oembed\" frameborder=\"0\" allow=\"accelerometer; autoplay; clipboard-write; encrypted-media; gyroscope; picture-in-picture; web-share\" referrerpolicy=\"strict-origin-when-cross-origin\" allowfullscreen><\/iframe><\/p>\n<p>Taller de realizaci\u00f3n audiovisual y actuaci\u00f3n frente a c\u00e1mara con vecinos y vecinas de una peque\u00f1a localidad, pueblo o barrio, con el fin de desarrollar un cortometraje colectivo a lo largo de una semana de duraci\u00f3n. En esta oportunidad, un grupo de trabajo de la localidad de Calchaqu\u00ed (Santa Fe, Argentina)<\/p>\n<p><strong>Sinopsis:<\/strong><\/p>\n<p>&#8220;Un grupo de j\u00f3venes adentrados en el monte de la laguna van siguiendo el relato de una leyenda que les trasmite una mujer local, pero los intereses individuales de uno de ellos comienzan a afectar al grupo y todos terminan perdidos. \u00bfPodr\u00e1n superar las adversidades y encontrar la salida?<\/p>\n<p><strong>Actuaci\u00f3n:<\/strong><\/p>\n<p>Santiago Valdez \/ Solange Romero \/ Junior Vel\u00e1squez \/ Elian Bee \/ Iara Encina \/ Wanda Nobile \/ Mar\u00eda Emilia Pighin \/ Martina Redigonda \/ Naomi Rold\u00e1n \/ Tamara Meza y la participaci\u00f3n especial de Claudia M\u00e1ntica Realizaci\u00f3n Abigail Furrer Direcci\u00f3n Cecilia Trincheri Producci\u00f3n Nahue Aguirre Asist. Direcci\u00f3n Roberto Varela Direcci\u00f3n de arte Juan Aguilar Direcci\u00f3n de Fotograf\u00eda Dami\u00e1n Garc\u00eda C\u00e1mara Javier Withman C\u00e1mara \/ Gaffer Aldo Motie Microfonista Roberto Lucas G\u00f3mez Sonidista Eliel Mendoza Sonidista M\u00fasica Original Javier Withman Producci\u00f3n General Mat\u00edas Atuel Rodr\u00edguez \/ Pablo Funes Direcci\u00f3n de actores Ignacio Robiolo<\/p>\n<p><strong>Agradecimientos:<\/strong><\/p>\n<p>Liliana Zord\u00e1n \/ Liliana Rodriguez \/ Todo el equipo de la EESO 233 \/ Georgina Grismado \/ Gobierno de la municipalidad de Calchaqu\u00ed \/ C\u00e9sar Mendoza \/ Rescatados TV \/ Julio Barbero \/ Marcelo Roa \/ Leandro Arteaga Y especialmente a Nanci Barbero \/ Aldo Motie Apoyo de la Beca de proyectos culturales colaborativos otorgada por Consejo Federal de Cultura \/ Consejo Federal de Inversiones \/ Ministerio de Cultura de la naci\u00f3n y Ministerio de cultura de Santa Fe.<\/p>\n<p>Con el Aval de La escuela EESO 233 &#8220;JUAN OCTAVIO GAUNA&#8221; \/ Gobierno de la ciudad de Calchaqu\u00ed \/ Centro de Estudios Interdisciplinarios (UNR)<\/p>\n<p><strong>Producci\u00f3n:<\/strong><\/p>\n<p>Producci\u00f3n y Direcci\u00f3n General: Mat\u00edas Atuel Rodr\u00edguez Motor Audiovisual Coordinaci\u00f3n de taller: Mat\u00edas Atuel Rodr\u00edguez \/ Pablo Funes \/ Ignacio Robiolo Utop\u00eda Producciones Producci\u00f3n documental: Le\u00f3n Pav\u00f3n \/ Barbara Almi<\/p>\n","protected":false},"excerpt":{"rendered":"<p>Cortometraje realizado en Calchaqu\u00ed. Fue seleccionado para participar del 10\u00b0 Festival Internacional de Cine Infantil, &#8220;\u00a1Ojo al Piojo!&#8221; El festival se realizar\u00e1 en Rosario, del 19 al 22 de agosto. Este cortometraje fue producido por Motor Audiovisual, con la participaci\u00f3n de vecinos y vecinas de Calchaqu\u00ed. Motor Audiovisual: Taller de realizaci\u00f3n audiovisual y actuaci\u00f3n frente [&hellip;]<\/p>\n","protected":false},"author":3,"featured_media":23904,"comment_status":"open","ping_status":"open","sticky":false,"template":"","format":"standard","meta":{"_joinchat":[],"footnotes":""},"categories":[52],"tags":[],"class_list":{"0":"post-23897","1":"post","2":"type-post","3":"status-publish","4":"format-standard","5":"has-post-thumbnail","7":"category-calchaqui"},"_links":{"self":[{"href":"https:\/\/infovera.com.ar\/web\/wp-json\/wp\/v2\/posts\/23897","targetHints":{"allow":["GET"]}}],"collection":[{"href":"https:\/\/infovera.com.ar\/web\/wp-json\/wp\/v2\/posts"}],"about":[{"href":"https:\/\/infovera.com.ar\/web\/wp-json\/wp\/v2\/types\/post"}],"author":[{"embeddable":true,"href":"https:\/\/infovera.com.ar\/web\/wp-json\/wp\/v2\/users\/3"}],"replies":[{"embeddable":true,"href":"https:\/\/infovera.com.ar\/web\/wp-json\/wp\/v2\/comments?post=23897"}],"version-history":[{"count":0,"href":"https:\/\/infovera.com.ar\/web\/wp-json\/wp\/v2\/posts\/23897\/revisions"}],"wp:featuredmedia":[{"embeddable":true,"href":"https:\/\/infovera.com.ar\/web\/wp-json\/wp\/v2\/media\/23904"}],"wp:attachment":[{"href":"https:\/\/infovera.com.ar\/web\/wp-json\/wp\/v2\/media?parent=23897"}],"wp:term":[{"taxonomy":"category","embeddable":true,"href":"https:\/\/infovera.com.ar\/web\/wp-json\/wp\/v2\/categories?post=23897"},{"taxonomy":"post_tag","embeddable":true,"href":"https:\/\/infovera.com.ar\/web\/wp-json\/wp\/v2\/tags?post=23897"}],"curies":[{"name":"wp","href":"https:\/\/api.w.org\/{rel}","templated":true}]}}