{"id":23894,"date":"2021-07-22T11:15:20","date_gmt":"2021-07-22T14:15:20","guid":{"rendered":"https:\/\/infovera.com.ar\/web\/?p=23894"},"modified":"2021-07-22T11:15:20","modified_gmt":"2021-07-22T14:15:20","slug":"el-departamento-vera-observa-una-reduccion-de-casos-diarios-de-covid","status":"publish","type":"post","link":"https:\/\/infovera.com.ar\/web\/2021\/07\/22\/el-departamento-vera-observa-una-reduccion-de-casos-diarios-de-covid\/","title":{"rendered":"El departamento Vera observa una reducci\u00f3n de casos diarios de Covid"},"content":{"rendered":"<p><strong>Informe de fecha 21\/07\/2021. 20,00 hs. Covid-19 Informe diario &#8211; Departamento Vera <\/strong><strong>Comit\u00e9 departamental de emergencia por Coronavirus.<\/strong><\/p>\n<p><span style=\"color: #ff0000;\"><strong>VERA<\/strong><\/span><br \/>\n<span style=\"color: #ff0000;\"><strong>Positivos nuevos 4. (Determinados por m\u00e9todo AG).<\/strong><\/span><br \/>\nResultados Negativos 5. (Determinados por m\u00e9todo AG).<br \/>\n<strong>Sospechosos 16.<\/strong><br \/>\nCasos positivos acumulados 1798.<br \/>\nTotal de Recuperados 1699. (En el d\u00eda de la fecha se otorgaron 11 altas).<br \/>\nFallecidos acumulados 37.<br \/>\nPositivos Activos 62.<br \/>\nInternados 2. (En el hospital de Vera).<br \/>\nPersonas en aislamiento preventivo: 145.<\/p>\n<p><span style=\"color: #ff0000;\"><strong>CALCHAQU\u00cd<\/strong><\/span><br \/>\n<span style=\"color: #ff0000;\"><strong>Positivos nuevos 9. (Determinados: 6 por m\u00e9todo AG; 3 por PCR).<\/strong><\/span><br \/>\nResultados Negativos 28. (Determinados: 14 por m\u00e9todo AG; 14 por PCR).<br \/>\nCasos positivos acumulados 1115.<br \/>\nTotal de Recuperados 929. (En el d\u00eda de la fecha se otorgaron 10 altas).<br \/>\nFallecidos acumulados 34.<br \/>\nPositivos Activos 152.<br \/>\nInternados 8. (2 en el Samco local; 1 en el hospital de Vera; 1 en el hospital de Reconquista; 3 en Santa Fe; 1 en Rafaela).<br \/>\nPersonas en aislamiento preventivo: 290.<\/p>\n<p><span style=\"color: #ff0000;\"><strong>MARGARITA<\/strong><\/span><br \/>\n<span style=\"color: #ff0000;\"><strong>Positivos nuevos 2. (Determinados por m\u00e9todo AG).<\/strong><\/span><br \/>\nSospechosos 6. (En sus domicilios; hisopados en el d\u00eda de la fecha, a la espera de los resultados por PCR).<br \/>\nCasos positivos acumulados 394.<br \/>\nTotal de Recuperados 342. (En el d\u00eda de la fecha se otorgaron 2 altas).<br \/>\nFallecidos acumulados 8.<br \/>\nPositivos Activos 44.<br \/>\nInternados 5. (3 en el Samco local; 1 en el hospital de Reconquista; 1 en el hospital de Vera).<br \/>\nPersonas en aislamiento preventivo: 151.<\/p>\n<p><strong>LA GALLARETA<\/strong><br \/>\nCasos positivos acumulados 132.<br \/>\nTotal de Recuperados 125. (En el d\u00eda de la fecha se otorgaron 3 altas).<br \/>\nFallecidos acumulados 2.<br \/>\nPositivos Activos 5.<br \/>\nInternados 1. (En un centro de salud de Santa Fe).<br \/>\nPersonas en aislamiento preventivo: 5. (Por tener contacto estrecho con un caso positivo y con un caso sospechoso).<\/p>\n<p><span style=\"color: #ff0000;\"><strong>FORTIN OLMOS<\/strong><\/span><br \/>\n<span style=\"color: #ff0000;\"><strong>Sospechosos 3. (1 internado en el Samco local; 2 hisopados en el d\u00eda de la fecha, a la espera de los resultados por PCR).<\/strong><\/span><br \/>\nCasos positivos acumulados 185.<br \/>\nTotal de Recuperados 161.<br \/>\nFallecidos acumulados 6.<br \/>\nPositivos Activos 18.<br \/>\nInternados 7. (1 en el Samco local; 1 en el sanatorio Norte de Avellaneda; 2 en el hospital de Vera; 3 en el hospital de Reconquista).<br \/>\nPersonas en aislamiento preventivo: 77. (Por tener contacto estrecho con un caso positivo y con un caso sospechoso).<\/p>\n<p><span style=\"color: #ff0000;\"><strong>INTIYACO<\/strong><\/span><br \/>\n<span style=\"color: #ff0000;\"><strong>Positivos nuevos 2. (Determinados por m\u00e9todo AG).<\/strong><\/span><br \/>\nResultados Negativos 1. (Determinado por m\u00e9todo AG).<br \/>\nFallecidos 1. (Paciente de 65 a\u00f1os que se encontraba internado en el sanatorio Padre P\u00edo de<br \/>\nReconquista).<br \/>\nSospechosos 1. (En su domicilio; hisopado en el d\u00eda de la fecha, a la espera del resultado por PCR).<br \/>\nCasos positivos acumulados 188.<br \/>\nTotal de Recuperados 169. (En el d\u00eda de la fecha se otorgaron 3 altas).<br \/>\nFallecidos acumulados 3.<br \/>\nPositivos Activos 16.<br \/>\nInternados 0.<br \/>\nPersonas en aislamiento preventivo: 24. (Por tener contacto estrecho con un caso positivo).<\/p>\n<p><strong>COLMENA<\/strong><br \/>\nCasos positivos acumulados 9.<br \/>\nTotal de Recuperados 3.<br \/>\nPositivos Activos 6.<br \/>\nInternados 1. (En el hospital de Vera).<br \/>\nPersonas en aislamiento preventivo: 5. (Por tener contacto estrecho con un caso positivo).<\/p>\n<p><span style=\"color: #ff0000;\"><strong>GARABATO<\/strong><\/span><br \/>\n<span style=\"color: #ff0000;\"><strong>Positivos nuevos 4.<\/strong><\/span><br \/>\nResultados Negativos 14.<br \/>\nSospechosos 7. (A la espera de 5 resultados por PCR).<br \/>\nCasos positivos acumulados 109.<br \/>\nTotal de Recuperados 89.<br \/>\nFallecidos acumulados 7.<br \/>\nPositivos Activos 13.<br \/>\nInternados 2. (En el hospital central de Reconquista).<br \/>\nPersonas en aislamiento preventivo: 56. (45 por tener contacto estrecho con un caso positivo; 11 por tener contacto estrecho con un caso sospechoso).<br \/>\nComit\u00e9 departamental de emergencia por Coronavirus 3<\/p>\n<p><span style=\"color: #ff0000;\"><strong>TARTAGAL<\/strong><\/span><br \/>\n<span style=\"color: #ff0000;\"><strong>Positivos nuevos 1. (Determinado por m\u00e9todo AG).<\/strong><\/span><br \/>\nSospechosos 3. (En sus domicilios; hisopados en el d\u00eda de la fecha, a la espera de los resultados por PCR).<br \/>\nCasos positivos acumulados 118.<br \/>\nTotal de Recuperados 109.<br \/>\nFallecidos acumulados 6.<br \/>\nPositivos Activos 3. (En sus domicilios con buen estado de salud).<br \/>\nPersonas en aislamiento preventivo: 42.<\/p>\n<p><strong>TOBA<\/strong><br \/>\nCasos positivos acumulados 62.<br \/>\nTotal de Recuperados 61.<br \/>\nFallecidos acumulados 1.<br \/>\nPositivos Activos 0.<br \/>\nPersonas en aislamiento preventivo: 0.<\/p>\n<p><strong>GOLONDRINA<\/strong><br \/>\nCasos positivos acumulados 28.<br \/>\nTotal de Recuperados 28.<br \/>\nPersonas en aislamiento preventivo: 0.<\/p>\n<p><strong>LOS AMORES<\/strong><br \/>\n<strong>Resultados Negativos 1.<\/strong><br \/>\nCasos positivos acumulados 66.<br \/>\nTotal de Recuperados 63.<br \/>\nFallecidos acumulados 2.<br \/>\nPositivos Activos 1. (En su domicilio con buen estado de salud).<br \/>\nPersonas en aislamiento preventivo: 3.<\/p>\n<p><strong>CA\u00d1ADA OMB\u00da<\/strong><br \/>\n<strong>Sospechosos 2. (A la espera de resultados por PCR).<\/strong><br \/>\nCasos positivos acumulados 17.<br \/>\nTotal de Recuperados 13.<br \/>\nPositivos Activos 4.<br \/>\nInternados 1. (En el hospital de Vera).<br \/>\nPersonas en aislamiento preventivo: 2. (Por tener contacto estrecho con un caso positivo).<\/p>\n<p><strong>LOS TABANOS<\/strong><br \/>\nCasos positivos acumulados 9.<br \/>\nTotal de Recuperados 7.<br \/>\nFallecidos acumulados 1.<br \/>\nPositivos Activos 1. (En su domicilio con buen estado de salud).<br \/>\nPersonas en aislamiento preventivo: 5. (Por tener contacto estrecho con un caso positivo).<\/p>\n<p>RESTO DE LAS LOCALIDADES DEL DEPARTAMENTO<br \/>\nSin Novedades.<\/p>\n","protected":false},"excerpt":{"rendered":"<p>Informe de fecha 21\/07\/2021. 20,00 hs. Covid-19 Informe diario &#8211; Departamento Vera Comit\u00e9 departamental de emergencia por Coronavirus. VERA Positivos nuevos 4. (Determinados por m\u00e9todo AG). Resultados Negativos 5. (Determinados por m\u00e9todo AG). Sospechosos 16. Casos positivos acumulados 1798. Total de Recuperados 1699. (En el d\u00eda de la fecha se otorgaron 11 altas). Fallecidos acumulados [&hellip;]<\/p>\n","protected":false},"author":3,"featured_media":18589,"comment_status":"open","ping_status":"open","sticky":false,"template":"","format":"standard","meta":{"_joinchat":[],"footnotes":""},"categories":[51],"tags":[],"class_list":{"0":"post-23894","1":"post","2":"type-post","3":"status-publish","4":"format-standard","5":"has-post-thumbnail","7":"category-locales"},"_links":{"self":[{"href":"https:\/\/infovera.com.ar\/web\/wp-json\/wp\/v2\/posts\/23894","targetHints":{"allow":["GET"]}}],"collection":[{"href":"https:\/\/infovera.com.ar\/web\/wp-json\/wp\/v2\/posts"}],"about":[{"href":"https:\/\/infovera.com.ar\/web\/wp-json\/wp\/v2\/types\/post"}],"author":[{"embeddable":true,"href":"https:\/\/infovera.com.ar\/web\/wp-json\/wp\/v2\/users\/3"}],"replies":[{"embeddable":true,"href":"https:\/\/infovera.com.ar\/web\/wp-json\/wp\/v2\/comments?post=23894"}],"version-history":[{"count":0,"href":"https:\/\/infovera.com.ar\/web\/wp-json\/wp\/v2\/posts\/23894\/revisions"}],"wp:featuredmedia":[{"embeddable":true,"href":"https:\/\/infovera.com.ar\/web\/wp-json\/wp\/v2\/media\/18589"}],"wp:attachment":[{"href":"https:\/\/infovera.com.ar\/web\/wp-json\/wp\/v2\/media?parent=23894"}],"wp:term":[{"taxonomy":"category","embeddable":true,"href":"https:\/\/infovera.com.ar\/web\/wp-json\/wp\/v2\/categories?post=23894"},{"taxonomy":"post_tag","embeddable":true,"href":"https:\/\/infovera.com.ar\/web\/wp-json\/wp\/v2\/tags?post=23894"}],"curies":[{"name":"wp","href":"https:\/\/api.w.org\/{rel}","templated":true}]}}