{"id":23818,"date":"2021-07-21T11:33:46","date_gmt":"2021-07-21T14:33:46","guid":{"rendered":"https:\/\/infovera.com.ar\/web\/?p=23818"},"modified":"2021-07-21T11:33:46","modified_gmt":"2021-07-21T14:33:46","slug":"abrieron-la-inscripcion-para-aspirantes-al-sistema-de-residencias-de-la-salud","status":"publish","type":"post","link":"https:\/\/infovera.com.ar\/web\/2021\/07\/21\/abrieron-la-inscripcion-para-aspirantes-al-sistema-de-residencias-de-la-salud\/","title":{"rendered":"Abrieron la inscripci\u00f3n para aspirantes al sistema de residencias de la salud"},"content":{"rendered":"<p><strong>El concurso est\u00e1 destinado a profesionales de salud y el examen se llevar\u00e1 adelante de manera virtual.<\/strong><\/p>\n<p>El Ministerio de Salud, a trav\u00e9s de la Subsecretar\u00eda de Planificaci\u00f3n y Fortalecimiento Institucional y de la Direcci\u00f3n de Residencias, abri\u00f3 la inscripci\u00f3n al concurso destinado a profesionales de la salud que deseen formarse a trav\u00e9s del sistema de residencias en distintas especialidades.Cabe se\u00f1alar que las Residencias del Equipo de Salud son un sistema remunerado de formaci\u00f3n integral de posgrado para profesionales de reciente graduaci\u00f3n, que complementa la formaci\u00f3n profesional a trav\u00e9s del ejercicio de pr\u00e1cticas formativas de complejidad creciente.<\/p>\n<p>Las mismas se caracterizan por la formaci\u00f3n intensiva en servicio, a tiempo completo y con dedicaci\u00f3n exclusiva. Se accede a ellas a trav\u00e9s de un proceso de selecci\u00f3n de convocatoria abierta.<\/p>\n<p>La metodolog\u00eda de examen para este a\u00f1o ser\u00e1 de manera virtual debido al contexto de pandemia por el que est\u00e1 atravesando el pa\u00eds.<\/p>\n<p>Los interesados podr\u00e1n inscribirse hasta el 23 de julio mediante el portal web provincial, donde encontrar\u00e1n los cargos que ofrece la provincia de Santa Fe para formarse en distintas especialidades a trav\u00e9s del sistema de residencias:\u00a0<a href=\"http:\/\/www.santafe.gob.ar\/index.php\/web\/content\/view\/full\/239742\/\">http:\/\/www.santafe.gob.ar\/index.php\/web\/content\/view\/full\/239742\/<\/a><\/p>\n<p>El examen para el ingreso a las residencias de los equipos de salud se implementa de manera digital a fin de garantizar el ingreso al sistema de residencias cuidando a las y los postulantes, y a todas las personas que intervienen en el operativo del examen.<\/p>\n<p>Finalmente, desde la Direcci\u00f3n de Residencias provincial se inform\u00f3 adem\u00e1s que\u00a0 la provincia de Santa Fe est\u00e1 adherida al\u00a0 examen nacional \u00fanico digital y ubicuo.<\/p>\n<p>Para mayor informaci\u00f3n comunicarse v\u00eda mail a concursoresidencias2021@santafe.gov.ar.<\/p>\n","protected":false},"excerpt":{"rendered":"<p>El concurso est\u00e1 destinado a profesionales de salud y el examen se llevar\u00e1 adelante de manera virtual. El Ministerio de Salud, a trav\u00e9s de la Subsecretar\u00eda de Planificaci\u00f3n y Fortalecimiento Institucional y de la Direcci\u00f3n de Residencias, abri\u00f3 la inscripci\u00f3n al concurso destinado a profesionales de la salud que deseen formarse a trav\u00e9s del sistema [&hellip;]<\/p>\n","protected":false},"author":3,"featured_media":23820,"comment_status":"open","ping_status":"open","sticky":false,"template":"","format":"standard","meta":{"_joinchat":[],"footnotes":""},"categories":[60],"tags":[],"class_list":{"0":"post-23818","1":"post","2":"type-post","3":"status-publish","4":"format-standard","5":"has-post-thumbnail","7":"category-provinciales"},"_links":{"self":[{"href":"https:\/\/infovera.com.ar\/web\/wp-json\/wp\/v2\/posts\/23818","targetHints":{"allow":["GET"]}}],"collection":[{"href":"https:\/\/infovera.com.ar\/web\/wp-json\/wp\/v2\/posts"}],"about":[{"href":"https:\/\/infovera.com.ar\/web\/wp-json\/wp\/v2\/types\/post"}],"author":[{"embeddable":true,"href":"https:\/\/infovera.com.ar\/web\/wp-json\/wp\/v2\/users\/3"}],"replies":[{"embeddable":true,"href":"https:\/\/infovera.com.ar\/web\/wp-json\/wp\/v2\/comments?post=23818"}],"version-history":[{"count":0,"href":"https:\/\/infovera.com.ar\/web\/wp-json\/wp\/v2\/posts\/23818\/revisions"}],"wp:featuredmedia":[{"embeddable":true,"href":"https:\/\/infovera.com.ar\/web\/wp-json\/wp\/v2\/media\/23820"}],"wp:attachment":[{"href":"https:\/\/infovera.com.ar\/web\/wp-json\/wp\/v2\/media?parent=23818"}],"wp:term":[{"taxonomy":"category","embeddable":true,"href":"https:\/\/infovera.com.ar\/web\/wp-json\/wp\/v2\/categories?post=23818"},{"taxonomy":"post_tag","embeddable":true,"href":"https:\/\/infovera.com.ar\/web\/wp-json\/wp\/v2\/tags?post=23818"}],"curies":[{"name":"wp","href":"https:\/\/api.w.org\/{rel}","templated":true}]}}