{"id":23807,"date":"2021-07-21T11:16:40","date_gmt":"2021-07-21T14:16:40","guid":{"rendered":"https:\/\/infovera.com.ar\/web\/?p=23807"},"modified":"2021-07-21T11:18:18","modified_gmt":"2021-07-21T14:18:18","slug":"identidades-no-binarias-desde-hoy-argentina-las-reconoce-legalmente","status":"publish","type":"post","link":"https:\/\/infovera.com.ar\/web\/2021\/07\/21\/identidades-no-binarias-desde-hoy-argentina-las-reconoce-legalmente\/","title":{"rendered":"Identidades no binarias: desde hoy Argentina las reconoce legalmente"},"content":{"rendered":"<p><strong>A trav\u00e9s del\u00a0Decreto 476\/21\u00a0el Gobierno nacional reconocer\u00e1 a partir de hoy las identidades no binarias en la documentaci\u00f3n personal, convirtiendo a Argentina en el primer pa\u00eds de la regi\u00f3n en garantizar este derecho.\u00a0Ya en 2019\u00a0el Gobierno de Santa Fe hab\u00eda avanzado en ese sentido por\u00a0v\u00eda administrativa, con elle joven Tegan Huanco. <\/strong><\/p>\n<p>Esa medida in\u00e9dita se sum\u00f3 a diversas resoluciones judiciales en Mendoza y la Ciudad de Buenos Aires, aunque la negativa del RENAPER entonces, impidi\u00f3 la emisi\u00f3n de los documentos de identidad correspondientes. Desde la FALGBT tambi\u00e9n se impulsa un proyecto de ley en el Congreso y una acci\u00f3n colectiva que a\u00fan se tramita en la justicia.<\/p>\n<p>Desde el\u00a0Instituto de Pol\u00edticas P\u00fablicas LGBT+\u00a0celebramos este importante avance ya que, en palabras de\u00a0Esteban Paul\u00f3n, Director del IPP LGBT+,\u00a0\u201cvenimos trabajando desde hace mucho tiempo en base al reclamo de un segmento de la poblaci\u00f3n de la diversidad sexual que es el colectivo de personas no binarias, quienes no se reconocen dentro del binomio masculino o femenino, en el cual organizamos habitualmente nuestras relaciones sociales. Oportunamente acompa\u00f1amos la presentaci\u00f3n de Tegan Huanco en la justicia, ante la negativa del RENAPER a cumplir con lo resuelto administrativamente por el Registro Civil de Santa Fe en 2019, en una acci\u00f3n pionera de la que hoy el decreto recoge elementos&#8221;.<\/p>\n<p>Sobre el sentido de la medida\u00a0agreg\u00f3\u00a0\u201cLa negativa a reconocer la identidad autopercibida de las personas no binarias en partidas de nacimiento y\u00a0documentos de identidad, lesiona gravemente el principal derecho de todo ciudadano que es contar precisamente con su identidad. Este Decreto es un gran paso adelante hacia una sociedad en la que todas, todes y todos sus ciudadanos podamos acceder a la plenitud de derechos\u201d.<\/p>\n<p>Y sobre la operativizaci\u00f3n del Decreto\u00a0Paul\u00f3n agreg\u00f3\u00a0&#8220;para aquellas personas que no se identifiquen en el binomio &#8220;masculino&#8221; o &#8220;femenino&#8221;, podr\u00e1n optar por la inclusi\u00f3n de una &#8220;x&#8221; en el DNI y Pasaporte emitidos por el RENAPER, incluyendo en esta denominaci\u00f3n a las identidades no binaria, indeterminada, no especificada, indefinida, no informada, autopercibida, no consignada; u otra acepci\u00f3n con la que pudiera identificarse la persona que no se sienta comprendida en el binomio masculino\/femenino&#8221;.<\/p>\n<p>Para finalizar\u00a0expres\u00f3\u00a0&#8220;sin dudas hoy es un d\u00eda de celebraci\u00f3n. Cada derecho conquistado, cada libertad ganada, nos acerca a una sociedad m\u00e1s abierta, libre de prejuicios y estereotipos, donde cada quien pueda desarrollar todo su potencial y su proyecto de vida sin condicionamientos y en un pie de igualdad&#8221;.<\/p>\n","protected":false},"excerpt":{"rendered":"<p>A trav\u00e9s del\u00a0Decreto 476\/21\u00a0el Gobierno nacional reconocer\u00e1 a partir de hoy las identidades no binarias en la documentaci\u00f3n personal, convirtiendo a Argentina en el primer pa\u00eds de la regi\u00f3n en garantizar este derecho.\u00a0Ya en 2019\u00a0el Gobierno de Santa Fe hab\u00eda avanzado en ese sentido por\u00a0v\u00eda administrativa, con elle joven Tegan Huanco. Esa medida in\u00e9dita se [&hellip;]<\/p>\n","protected":false},"author":3,"featured_media":23811,"comment_status":"open","ping_status":"open","sticky":false,"template":"","format":"standard","meta":{"_joinchat":[],"footnotes":""},"categories":[58,36],"tags":[],"class_list":{"0":"post-23807","1":"post","2":"type-post","3":"status-publish","4":"format-standard","5":"has-post-thumbnail","7":"category-opinion","8":"category-sociedad"},"_links":{"self":[{"href":"https:\/\/infovera.com.ar\/web\/wp-json\/wp\/v2\/posts\/23807","targetHints":{"allow":["GET"]}}],"collection":[{"href":"https:\/\/infovera.com.ar\/web\/wp-json\/wp\/v2\/posts"}],"about":[{"href":"https:\/\/infovera.com.ar\/web\/wp-json\/wp\/v2\/types\/post"}],"author":[{"embeddable":true,"href":"https:\/\/infovera.com.ar\/web\/wp-json\/wp\/v2\/users\/3"}],"replies":[{"embeddable":true,"href":"https:\/\/infovera.com.ar\/web\/wp-json\/wp\/v2\/comments?post=23807"}],"version-history":[{"count":0,"href":"https:\/\/infovera.com.ar\/web\/wp-json\/wp\/v2\/posts\/23807\/revisions"}],"wp:featuredmedia":[{"embeddable":true,"href":"https:\/\/infovera.com.ar\/web\/wp-json\/wp\/v2\/media\/23811"}],"wp:attachment":[{"href":"https:\/\/infovera.com.ar\/web\/wp-json\/wp\/v2\/media?parent=23807"}],"wp:term":[{"taxonomy":"category","embeddable":true,"href":"https:\/\/infovera.com.ar\/web\/wp-json\/wp\/v2\/categories?post=23807"},{"taxonomy":"post_tag","embeddable":true,"href":"https:\/\/infovera.com.ar\/web\/wp-json\/wp\/v2\/tags?post=23807"}],"curies":[{"name":"wp","href":"https:\/\/api.w.org\/{rel}","templated":true}]}}