{"id":23699,"date":"2021-07-17T17:00:28","date_gmt":"2021-07-17T20:00:28","guid":{"rendered":"https:\/\/infovera.com.ar\/web\/?p=23699"},"modified":"2021-07-17T17:54:15","modified_gmt":"2021-07-17T20:54:15","slug":"se-detecto-el-primer-caso-de-un-santafesino-con-cepa-delta","status":"publish","type":"post","link":"https:\/\/infovera.com.ar\/web\/2021\/07\/17\/se-detecto-el-primer-caso-de-un-santafesino-con-cepa-delta\/","title":{"rendered":"Se detect\u00f3 el primer caso de un santafesino con Cepa Delta"},"content":{"rendered":"<p>El Ministerio de Salud de la Provincia de Santa Fe, a trav\u00e9s de la Direcci\u00f3n de Epidemiologia, informa a la poblaci\u00f3n que ha sido identificada una variante Delta de Covid-19 en un viajero con residencia en el territorio provincial.<\/p>\n<p>Se trata de una persona, proveniente de Estados Unidos, que fue detectada como positiva en Ezeiza en el momento de su arribo, por lo que realiz\u00f3 el aislamiento pertinente en un hotel de la Ciudad de Buenos Aires. Con el control m\u00e9dico adecuado que posteriormente le otorg\u00f3 el alta epidemiol\u00f3gica.<\/p>\n<p>Se recuerda a la poblaci\u00f3n que para evitar la introducci\u00f3n y diseminaci\u00f3n de esta nueva variante de preocupaci\u00f3n, todos los viajeros provenientes del exterior deben arribar al pa\u00eds con un test de PCR realizado 72 Hs. previas al viaje. Una vez en el pa\u00eds se les realiza nuevamente la prueba en Ezeiza, y en caso de arrojar un resultado negativo, deber\u00e1 cumplir el aislamiento estricto (sin contacto con personas que no hayan viajado) en su domicilio u otro lugar destinado para el mismo durante 7 d\u00edas. Durante ese per\u00edodo ser\u00e1n monitoreados por si presentaran s\u00edntomas y se les realizar\u00e1 una nueva prueba PCR, pudiendo culminar el aislamiento si la misma resulta negativa.<\/p>\n","protected":false},"excerpt":{"rendered":"<p>El Ministerio de Salud de la Provincia de Santa Fe, a trav\u00e9s de la Direcci\u00f3n de Epidemiologia, informa a la poblaci\u00f3n que ha sido identificada una variante Delta de Covid-19 en un viajero con residencia en el territorio provincial. Se trata de una persona, proveniente de Estados Unidos, que fue detectada como positiva en Ezeiza [&hellip;]<\/p>\n","protected":false},"author":2,"featured_media":23701,"comment_status":"open","ping_status":"open","sticky":false,"template":"","format":"standard","meta":{"_joinchat":[],"footnotes":""},"categories":[56,60,37,36],"tags":[],"class_list":{"0":"post-23699","1":"post","2":"type-post","3":"status-publish","4":"format-standard","5":"has-post-thumbnail","7":"category-destacados","8":"category-provinciales","9":"category-salud","10":"category-sociedad"},"_links":{"self":[{"href":"https:\/\/infovera.com.ar\/web\/wp-json\/wp\/v2\/posts\/23699","targetHints":{"allow":["GET"]}}],"collection":[{"href":"https:\/\/infovera.com.ar\/web\/wp-json\/wp\/v2\/posts"}],"about":[{"href":"https:\/\/infovera.com.ar\/web\/wp-json\/wp\/v2\/types\/post"}],"author":[{"embeddable":true,"href":"https:\/\/infovera.com.ar\/web\/wp-json\/wp\/v2\/users\/2"}],"replies":[{"embeddable":true,"href":"https:\/\/infovera.com.ar\/web\/wp-json\/wp\/v2\/comments?post=23699"}],"version-history":[{"count":0,"href":"https:\/\/infovera.com.ar\/web\/wp-json\/wp\/v2\/posts\/23699\/revisions"}],"wp:featuredmedia":[{"embeddable":true,"href":"https:\/\/infovera.com.ar\/web\/wp-json\/wp\/v2\/media\/23701"}],"wp:attachment":[{"href":"https:\/\/infovera.com.ar\/web\/wp-json\/wp\/v2\/media?parent=23699"}],"wp:term":[{"taxonomy":"category","embeddable":true,"href":"https:\/\/infovera.com.ar\/web\/wp-json\/wp\/v2\/categories?post=23699"},{"taxonomy":"post_tag","embeddable":true,"href":"https:\/\/infovera.com.ar\/web\/wp-json\/wp\/v2\/tags?post=23699"}],"curies":[{"name":"wp","href":"https:\/\/api.w.org\/{rel}","templated":true}]}}