{"id":23691,"date":"2021-07-16T11:05:46","date_gmt":"2021-07-16T14:05:46","guid":{"rendered":"https:\/\/infovera.com.ar\/web\/?p=23691"},"modified":"2021-07-19T10:34:07","modified_gmt":"2021-07-19T13:34:07","slug":"detuvieron-al-secretario-del-intendente-de-avellaneda-por-abuso-sexual","status":"publish","type":"post","link":"https:\/\/infovera.com.ar\/web\/2021\/07\/16\/detuvieron-al-secretario-del-intendente-de-avellaneda-por-abuso-sexual\/","title":{"rendered":"Detuvieron al secretario del intendente de Avellaneda por abuso sexual"},"content":{"rendered":"<p><strong>El Fiscal Aldo Gerosa orden\u00f3 detener al Secretario Privado del Intendente de la ciudad de Avellaneda. El municipio inmediatamente orden\u00f3 echarlo del cargo.<\/strong><\/p>\n<p>Marcelo Galaz, secretario privado del intendente Dionisio Scarp\u00edn, fue detenido este viernes en la propia municipalidad cuando una comisi\u00f3n policial lleg\u00f3 con una orden para detenerlo.<\/p>\n<p>El Fiscal Aldo Gerosa, que est\u00e1 al frente de esta causa, orden\u00f3 la detenci\u00f3n tras un mes de trabajo con los elementos probatorios respectivos y la declaraci\u00f3n de la v\u00edctima que hab\u00eda sido abusada cuando era menor de edad y ahora que es mayor decidi\u00f3 realizar la denuncia.<\/p>\n<p>Gerosa anticip\u00f3 que la audiencia imputativa se realizar\u00e1 el lunes y all\u00ed reci\u00e9n el imputado podr\u00e1 tener todos los detalles de lo que se lo acusa y las pruebas con las que cuenta el fiscal. Entre las pruebas que se expondr\u00e1n frente a un juez est\u00e1n las pericias m\u00e9dicas y psicol\u00f3gicas a la v\u00edctima que dan veracidad a su relato.<\/p>\n<p>Los hechos de violaci\u00f3n que fueron denunciados habr\u00edan cesado hace algunos a\u00f1os pero la v\u00edctima continu\u00f3 con el trauma hasta que decidi\u00f3 realizar la denuncia y avanzar con el proceso judicial.<\/p>\n<p>Desde la Municipalidad de Avellaneda emitieron un comunicado donde dieron cuenta de la desvinculaci\u00f3n inmediata de Galaz y la puesta a disposici\u00f3n del municipio y los funcionarios del Ministerio P\u00fablico de la Acusaci\u00f3n y de la v\u00edctima y su familia.<\/p>\n<p>Desvinculan a un personal municipal de sus funciones en Avellaneda<\/p>\n<p>El Gobierno de Avellaneda informa que, tras tomar conocimiento del inicio de un proceso judicial contra un dependiente municipal, se han tomado las siguientes decisiones:<\/p>\n<p>\u2013 Desvincularlo, de manera definitiva, de las funciones que ocupaba.<\/p>\n<p>\u2013 En consonancia con nuestro compromiso en materia de g\u00e9nero y labor permanente en colaboraci\u00f3n con el MPA, nos hemos puesto a disposici\u00f3n del mismo.<\/p>\n<p>\u2013 Se dispuso el acompa\u00f1amiento a la v\u00edctima y su familia.<\/p>\n","protected":false},"excerpt":{"rendered":"<p>El Fiscal Aldo Gerosa orden\u00f3 detener al Secretario Privado del Intendente de la ciudad de Avellaneda. El municipio inmediatamente orden\u00f3 echarlo del cargo. Marcelo Galaz, secretario privado del intendente Dionisio Scarp\u00edn, fue detenido este viernes en la propia municipalidad cuando una comisi\u00f3n policial lleg\u00f3 con una orden para detenerlo. El Fiscal Aldo Gerosa, que est\u00e1 [&hellip;]<\/p>\n","protected":false},"author":2,"featured_media":23693,"comment_status":"open","ping_status":"open","sticky":false,"template":"","format":"standard","meta":{"_joinchat":[],"footnotes":""},"categories":[30,55],"tags":[],"class_list":{"0":"post-23691","1":"post","2":"type-post","3":"status-publish","4":"format-standard","5":"has-post-thumbnail","7":"category-policiales","8":"category-reconquista"},"_links":{"self":[{"href":"https:\/\/infovera.com.ar\/web\/wp-json\/wp\/v2\/posts\/23691","targetHints":{"allow":["GET"]}}],"collection":[{"href":"https:\/\/infovera.com.ar\/web\/wp-json\/wp\/v2\/posts"}],"about":[{"href":"https:\/\/infovera.com.ar\/web\/wp-json\/wp\/v2\/types\/post"}],"author":[{"embeddable":true,"href":"https:\/\/infovera.com.ar\/web\/wp-json\/wp\/v2\/users\/2"}],"replies":[{"embeddable":true,"href":"https:\/\/infovera.com.ar\/web\/wp-json\/wp\/v2\/comments?post=23691"}],"version-history":[{"count":0,"href":"https:\/\/infovera.com.ar\/web\/wp-json\/wp\/v2\/posts\/23691\/revisions"}],"wp:featuredmedia":[{"embeddable":true,"href":"https:\/\/infovera.com.ar\/web\/wp-json\/wp\/v2\/media\/23693"}],"wp:attachment":[{"href":"https:\/\/infovera.com.ar\/web\/wp-json\/wp\/v2\/media?parent=23691"}],"wp:term":[{"taxonomy":"category","embeddable":true,"href":"https:\/\/infovera.com.ar\/web\/wp-json\/wp\/v2\/categories?post=23691"},{"taxonomy":"post_tag","embeddable":true,"href":"https:\/\/infovera.com.ar\/web\/wp-json\/wp\/v2\/tags?post=23691"}],"curies":[{"name":"wp","href":"https:\/\/api.w.org\/{rel}","templated":true}]}}