{"id":23663,"date":"2021-07-15T19:41:36","date_gmt":"2021-07-15T22:41:36","guid":{"rendered":"https:\/\/infovera.com.ar\/web\/?p=23663"},"modified":"2021-07-15T19:41:36","modified_gmt":"2021-07-15T22:41:36","slug":"mas-de-25-deportistas-santafesinos-representaran-a-la-argentina-en-los-juegos-olimpicos-de-tokio","status":"publish","type":"post","link":"https:\/\/infovera.com.ar\/web\/2021\/07\/15\/mas-de-25-deportistas-santafesinos-representaran-a-la-argentina-en-los-juegos-olimpicos-de-tokio\/","title":{"rendered":"M\u00e1s de 25 deportistas santafesinos representar\u00e1n a la Argentina en los Juegos Ol\u00edmpicos de Tokio"},"content":{"rendered":"<p><strong>\u201cVenimos realizando un trabajo sostenido para que el deporte se mantenga en pie. Para nuestra gesti\u00f3n el \u00e1mbito del deporte es prioritario y una verdadera herramienta de inclusi\u00f3n social\u201d, afirm\u00f3 el ministro de Desarrollo Social, Danilo Capitani.<\/strong><\/p>\n<p>Un total de 28 atletas de la provincia de Santa Fe representar\u00e1n a la Argentina en los Juegos Ol\u00edmpicos y Paral\u00edmpicos, que se desarrollar\u00e1n desde el 23 de julio en la ciudad de Tokio.Al respecto, el ministro de Desarrollo Social, Danilo Capitani manifest\u00f3 que \u201ces una alegr\u00eda, en tiempos tan complejos, estar celebrando esta actividad deportiva de nivel internacional. Desde la provincia venimos realizando un trabajo sostenido para que el deporte se mantenga en pie, siempre teniendo todos los cuidados y respetando los protocolos\u201d.<\/p>\n<p>\u201cPara nuestra gesti\u00f3n, el \u00e1mbito del deporte es prioritario y una verdadera herramienta de inclusi\u00f3n social, ya que aporta al desarrollo personal y colectivo de las y los j\u00f3venes con diferentes realidades sociales en todo el territorio santafesino\u201d, concluy\u00f3 Capitani.<\/p>\n<p>La 32\u00b0 edici\u00f3n de los Juegos Ol\u00edmpicos se desarrollar\u00e1 del 23 de julio al 8 de agosto, incluir\u00e1 43 escenarios deportivos, 73 disciplinas, y m\u00e1s de 10.000 atletas. Argentina asegur\u00f3 178 lugares, n\u00famero que no logra alcanzar el r\u00e9cord de 213 clasificados que present\u00f3 en R\u00edo 2016 y Londres 1948, pero supera ampliamente los 137 atletas de Londres 2012.<\/p>\n<p>En tanto, la decimosexta edici\u00f3n de los Juegos Paral\u00edmpicos tendr\u00e1n cita del 8 de agosto al 5 de septiembre y por segunda vez en su historia ser\u00e1n organizados en Tokio, al igual que en 1964.<\/p>\n<p><strong>Deportistas de Santa Fe en Tokio<\/strong><\/p>\n<p>Hasta el momento, Argentina tendr\u00e1 en su delegaci\u00f3n a 28 deportistas de Santa Fe, pero este n\u00famero podr\u00eda continuar creciendo en su lista paral\u00edmpica.<\/p>\n<p>En Vela, estar\u00e1n Cecilia Carranza Saroli (Rosario), que adem\u00e1s ser\u00e1 la abanderada de la delegaci\u00f3n argentina junto a Santiago Lange en la ceremonia de apertura; y Francisco Guaragna (Rufino).<\/p>\n<p>En atletismo, una vez m\u00e1s, participar\u00e1 Germ\u00e1n Chiaraviglio (Santa Fe); y en Boxeo dar\u00e1 el presente Mirco Cuello (Arroyo Seco).<\/p>\n<p>En Tenis jugar\u00e1n Nadia Podoroska (Rosario), Federico Coria (Rosario) y Facundo Bagnis (Armstrong); y en los equipos de V\u00f3ley, Victoria Mayer (Santa Fe), Eliana Rodriguez (Carlos Pellegrini), Antonella Fortuna (Gressler), Sebasti\u00e1n Sol\u00e9 (Rosario) y Luciano De Cecco (Santa Fe).<\/p>\n<p>En Beach Volley, luego de ganar la Continental Cup en Chile, Nicol\u00e1s Capogrosso (Rosario) har\u00e1 pareja con el entrerriano Juli\u00e1n Azaad. En Canotaje, Rub\u00e9n R\u00e9zola (Santa Fe) participar\u00e1 nuevamente en un Juego Ol\u00edmpico; y en Nataci\u00f3n estar\u00e1n Julia Sebasti\u00e1n (Santa Fe) y Santiago Grassi (Santa Fe).<\/p>\n<p>Por su parte, el plantel de Tiro Deportivo tendr\u00e1 en su escuadra a Alexis Eberhardt (San Carlos), y el F\u00fatbol a Francisco Ortega (Santa Rosa de Calchines), Ezequiel Barco (Villa Gobernador G\u00e1lvez) y Ezequiel Ponce (Rosario).<\/p>\n<p>El plantel de B\u00e1squet incluy\u00f3 en su n\u00f3mina a Tayavek Gallizi (Santa Fe), Juan Fern\u00e1ndez (Santa Fe), Nicol\u00e1s Brussino (Ca\u00f1ada de G\u00f3mez), Lautaro Berra (Firmat) y Francisco Caffaro (El Tr\u00e9bol).<\/p>\n<p>Finalmente, en la cita paral\u00edmpica, hasta el momento se confirmaron los equipos de Nataci\u00f3n y Atletismo, donde est\u00e1n Fernando Carlomagno, y Yanina Mart\u00ednez y Brian Impellizzeri.<\/p>\n","protected":false},"excerpt":{"rendered":"<p>\u201cVenimos realizando un trabajo sostenido para que el deporte se mantenga en pie. Para nuestra gesti\u00f3n el \u00e1mbito del deporte es prioritario y una verdadera herramienta de inclusi\u00f3n social\u201d, afirm\u00f3 el ministro de Desarrollo Social, Danilo Capitani. Un total de 28 atletas de la provincia de Santa Fe representar\u00e1n a la Argentina en los Juegos [&hellip;]<\/p>\n","protected":false},"author":3,"featured_media":23665,"comment_status":"open","ping_status":"open","sticky":false,"template":"","format":"standard","meta":{"_joinchat":[],"footnotes":""},"categories":[31],"tags":[],"class_list":{"0":"post-23663","1":"post","2":"type-post","3":"status-publish","4":"format-standard","5":"has-post-thumbnail","7":"category-deportes"},"_links":{"self":[{"href":"https:\/\/infovera.com.ar\/web\/wp-json\/wp\/v2\/posts\/23663","targetHints":{"allow":["GET"]}}],"collection":[{"href":"https:\/\/infovera.com.ar\/web\/wp-json\/wp\/v2\/posts"}],"about":[{"href":"https:\/\/infovera.com.ar\/web\/wp-json\/wp\/v2\/types\/post"}],"author":[{"embeddable":true,"href":"https:\/\/infovera.com.ar\/web\/wp-json\/wp\/v2\/users\/3"}],"replies":[{"embeddable":true,"href":"https:\/\/infovera.com.ar\/web\/wp-json\/wp\/v2\/comments?post=23663"}],"version-history":[{"count":0,"href":"https:\/\/infovera.com.ar\/web\/wp-json\/wp\/v2\/posts\/23663\/revisions"}],"wp:featuredmedia":[{"embeddable":true,"href":"https:\/\/infovera.com.ar\/web\/wp-json\/wp\/v2\/media\/23665"}],"wp:attachment":[{"href":"https:\/\/infovera.com.ar\/web\/wp-json\/wp\/v2\/media?parent=23663"}],"wp:term":[{"taxonomy":"category","embeddable":true,"href":"https:\/\/infovera.com.ar\/web\/wp-json\/wp\/v2\/categories?post=23663"},{"taxonomy":"post_tag","embeddable":true,"href":"https:\/\/infovera.com.ar\/web\/wp-json\/wp\/v2\/tags?post=23663"}],"curies":[{"name":"wp","href":"https:\/\/api.w.org\/{rel}","templated":true}]}}