{"id":23557,"date":"2021-07-13T13:30:57","date_gmt":"2021-07-13T16:30:57","guid":{"rendered":"https:\/\/infovera.com.ar\/web\/?p=23557"},"modified":"2021-07-13T17:51:17","modified_gmt":"2021-07-13T20:51:17","slug":"perotti-suspendio-su-visita-al-norte","status":"publish","type":"post","link":"https:\/\/infovera.com.ar\/web\/2021\/07\/13\/perotti-suspendio-su-visita-al-norte\/","title":{"rendered":"Perotti suspendi\u00f3 su visita al norte"},"content":{"rendered":"<p><strong>Queda postergada la visita del gobernador al norte del departamento por problemas clim\u00e1ticos, inform\u00f3 prensa de la provincia.<\/strong><\/p>\n<p>Se estima que se podr\u00eda realizar el s\u00e1bado los tres actos: en Calchaqu\u00ed, Tartagal y Tres Bocas.<\/p>\n","protected":false},"excerpt":{"rendered":"<p>Queda postergada la visita del gobernador al norte del departamento por problemas clim\u00e1ticos, inform\u00f3 prensa de la provincia. Se estima que se podr\u00eda realizar el s\u00e1bado los tres actos: en Calchaqu\u00ed, Tartagal y Tres Bocas.<\/p>\n","protected":false},"author":3,"featured_media":21252,"comment_status":"open","ping_status":"open","sticky":false,"template":"","format":"standard","meta":{"_joinchat":[],"footnotes":""},"categories":[51],"tags":[],"class_list":{"0":"post-23557","1":"post","2":"type-post","3":"status-publish","4":"format-standard","5":"has-post-thumbnail","7":"category-locales"},"_links":{"self":[{"href":"https:\/\/infovera.com.ar\/web\/wp-json\/wp\/v2\/posts\/23557","targetHints":{"allow":["GET"]}}],"collection":[{"href":"https:\/\/infovera.com.ar\/web\/wp-json\/wp\/v2\/posts"}],"about":[{"href":"https:\/\/infovera.com.ar\/web\/wp-json\/wp\/v2\/types\/post"}],"author":[{"embeddable":true,"href":"https:\/\/infovera.com.ar\/web\/wp-json\/wp\/v2\/users\/3"}],"replies":[{"embeddable":true,"href":"https:\/\/infovera.com.ar\/web\/wp-json\/wp\/v2\/comments?post=23557"}],"version-history":[{"count":0,"href":"https:\/\/infovera.com.ar\/web\/wp-json\/wp\/v2\/posts\/23557\/revisions"}],"wp:featuredmedia":[{"embeddable":true,"href":"https:\/\/infovera.com.ar\/web\/wp-json\/wp\/v2\/media\/21252"}],"wp:attachment":[{"href":"https:\/\/infovera.com.ar\/web\/wp-json\/wp\/v2\/media?parent=23557"}],"wp:term":[{"taxonomy":"category","embeddable":true,"href":"https:\/\/infovera.com.ar\/web\/wp-json\/wp\/v2\/categories?post=23557"},{"taxonomy":"post_tag","embeddable":true,"href":"https:\/\/infovera.com.ar\/web\/wp-json\/wp\/v2\/tags?post=23557"}],"curies":[{"name":"wp","href":"https:\/\/api.w.org\/{rel}","templated":true}]}}