{"id":23482,"date":"2021-07-12T10:20:57","date_gmt":"2021-07-12T13:20:57","guid":{"rendered":"https:\/\/infovera.com.ar\/web\/?p=23482"},"modified":"2021-07-12T19:48:59","modified_gmt":"2021-07-12T22:48:59","slug":"40-aprehendidos-y-cinco-fiestas-clandestinas-desarticuladas-durante-el-fin-de-semana","status":"publish","type":"post","link":"https:\/\/infovera.com.ar\/web\/2021\/07\/12\/40-aprehendidos-y-cinco-fiestas-clandestinas-desarticuladas-durante-el-fin-de-semana\/","title":{"rendered":"40 aprehendidos y cinco fiestas clandestinas desarticuladas durante el fin de semana"},"content":{"rendered":"<p><strong>Durante el fin de semana , personal policial de las diferentes Unidades de Orden P\u00fablico URXIX realiz\u00f3 21 procedimientos trasladando 40 personas por infracci\u00f3n a los c\u00f3digos 205 y 239<\/strong> (violaci\u00f3n decreto nacional y provincial por la pandemia), de los cuales 12 procedimientos corresponden la ciudad de Vera con el traslado 14 personas y al secuestro preventivo de 3 motocicletas.<\/p>\n<p>Asimismo, en la madrugada del domingo los agentes intervinieron en cinco domicilios de la ciudad de Vera en la que se desarrollan diferentes reuniones sociales con gran concurrencia de personas, notificando a sus moradores por violaci\u00f3n a las disposiciones vigentes conforme decreto provincial y nacional Covid-19.<\/p>\n<p><img loading=\"lazy\" decoding=\"async\" class=\" wp-image-22351 aligncenter\" src=\"https:\/\/infovera.com.ar\/web\/wp-content\/uploads\/2021\/06\/ACOSTA-3-300x54.jpg\" alt=\"\" width=\"634\" height=\"114\" srcset=\"https:\/\/infovera.com.ar\/web\/wp-content\/uploads\/2021\/06\/ACOSTA-3-300x54.jpg 300w, https:\/\/infovera.com.ar\/web\/wp-content\/uploads\/2021\/06\/ACOSTA-3.jpg 670w\" sizes=\"auto, (max-width: 634px) 100vw, 634px\" \/><\/p>\n","protected":false},"excerpt":{"rendered":"<p>Durante el fin de semana , personal policial de las diferentes Unidades de Orden P\u00fablico URXIX realiz\u00f3 21 procedimientos trasladando 40 personas por infracci\u00f3n a los c\u00f3digos 205 y 239 (violaci\u00f3n decreto nacional y provincial por la pandemia), de los cuales 12 procedimientos corresponden la ciudad de Vera con el traslado 14 personas y al [&hellip;]<\/p>\n","protected":false},"author":3,"featured_media":0,"comment_status":"open","ping_status":"open","sticky":false,"template":"","format":"standard","meta":{"_joinchat":[],"footnotes":""},"categories":[51,30],"tags":[],"class_list":{"0":"post-23482","1":"post","2":"type-post","3":"status-publish","4":"format-standard","6":"category-locales","7":"category-policiales"},"_links":{"self":[{"href":"https:\/\/infovera.com.ar\/web\/wp-json\/wp\/v2\/posts\/23482","targetHints":{"allow":["GET"]}}],"collection":[{"href":"https:\/\/infovera.com.ar\/web\/wp-json\/wp\/v2\/posts"}],"about":[{"href":"https:\/\/infovera.com.ar\/web\/wp-json\/wp\/v2\/types\/post"}],"author":[{"embeddable":true,"href":"https:\/\/infovera.com.ar\/web\/wp-json\/wp\/v2\/users\/3"}],"replies":[{"embeddable":true,"href":"https:\/\/infovera.com.ar\/web\/wp-json\/wp\/v2\/comments?post=23482"}],"version-history":[{"count":0,"href":"https:\/\/infovera.com.ar\/web\/wp-json\/wp\/v2\/posts\/23482\/revisions"}],"wp:attachment":[{"href":"https:\/\/infovera.com.ar\/web\/wp-json\/wp\/v2\/media?parent=23482"}],"wp:term":[{"taxonomy":"category","embeddable":true,"href":"https:\/\/infovera.com.ar\/web\/wp-json\/wp\/v2\/categories?post=23482"},{"taxonomy":"post_tag","embeddable":true,"href":"https:\/\/infovera.com.ar\/web\/wp-json\/wp\/v2\/tags?post=23482"}],"curies":[{"name":"wp","href":"https:\/\/api.w.org\/{rel}","templated":true}]}}