{"id":23470,"date":"2021-07-12T09:40:23","date_gmt":"2021-07-12T12:40:23","guid":{"rendered":"https:\/\/infovera.com.ar\/web\/?p=23470"},"modified":"2021-07-12T09:40:23","modified_gmt":"2021-07-12T12:40:23","slug":"un-ciclista-murio-tras-ser-atropellado-por-un-auto-en-vera-y-pintado","status":"publish","type":"post","link":"https:\/\/infovera.com.ar\/web\/2021\/07\/12\/un-ciclista-murio-tras-ser-atropellado-por-un-auto-en-vera-y-pintado\/","title":{"rendered":"Un ciclista muri\u00f3 tras ser atropellado por un auto en Vera y Pintado"},"content":{"rendered":"<p><strong>Una persona de 30 a\u00f1os perdi\u00f3 la vida en un accidente de tr\u00e1nsito ocurrido en el norte del Departamento San Justo.<\/strong><\/p>\n<p>El d\u00eda s\u00e1bado 10 de julio, alrededor de las 01.30 horas, se solicit\u00f3 presencia policial en Ruta Nacional N\u00b0 11 a la altura aproximada del kil\u00f3metro 642,5.<\/p>\n<p>Al constituirse los efectivos de Comisar\u00eda 8\u00b0 de Vera y Pintado sobre dicha arteria, unos 4 kil\u00f3metros al sur de esa localidad, se constat\u00f3 un siniestro vial en el que habr\u00eda tenido participaci\u00f3n un autom\u00f3vil Chevrolet Corsa Classic 1.4, color plateado, conducido por un masculino de 42 a\u00f1os de edad, oriundo de Vera y Pintado.<\/p>\n<p>En las cercan\u00edas del lugar, hacia el cardinal sur de la arteria, se hall\u00f3 tambi\u00e9n el cuerpo sin signos vitales de quien en vida fuera JUAN JOSE ACOSTA, de 30 a\u00f1os de edad, el cual se domiciliaba en dicha localidad, y junto a \u00e9ste una bicicleta sin marca visible en estado de deterioro, presumi\u00e9ndose que fuera impactado por el veh\u00edculo antes mencionado.<\/p>\n<p>El m\u00e9dico policial certific\u00f3 el fallecimiento de ACOSTA. Tras efectivizarse todas las diligencias de rigor en el lugar del hecho y haciendo menci\u00f3n que se mantuvo liberado el tr\u00e1nsito vehicular sobre Ruta N\u00b0 11, se puso en conocimiento de la situaci\u00f3n al Fiscal Ben\u00edtez, a cargo oportunamente del Ministerio P\u00fablico de la Acusaci\u00f3n, quien dispuso pericias determinantes para la tramitaci\u00f3n del legajo investigativo.<\/p>\n<p>El conductor del veh\u00edculo Corsa qued\u00f3 imputado del delito de Homicidio Culposo en Accidente de tr\u00e1nsito y se prosigue con la investigaci\u00f3n del caso.<\/p>\n","protected":false},"excerpt":{"rendered":"<p>Una persona de 30 a\u00f1os perdi\u00f3 la vida en un accidente de tr\u00e1nsito ocurrido en el norte del Departamento San Justo. El d\u00eda s\u00e1bado 10 de julio, alrededor de las 01.30 horas, se solicit\u00f3 presencia policial en Ruta Nacional N\u00b0 11 a la altura aproximada del kil\u00f3metro 642,5. Al constituirse los efectivos de Comisar\u00eda 8\u00b0 [&hellip;]<\/p>\n","protected":false},"author":3,"featured_media":23472,"comment_status":"open","ping_status":"open","sticky":false,"template":"","format":"standard","meta":{"_joinchat":[],"footnotes":""},"categories":[51,30],"tags":[],"class_list":{"0":"post-23470","1":"post","2":"type-post","3":"status-publish","4":"format-standard","5":"has-post-thumbnail","7":"category-locales","8":"category-policiales"},"_links":{"self":[{"href":"https:\/\/infovera.com.ar\/web\/wp-json\/wp\/v2\/posts\/23470","targetHints":{"allow":["GET"]}}],"collection":[{"href":"https:\/\/infovera.com.ar\/web\/wp-json\/wp\/v2\/posts"}],"about":[{"href":"https:\/\/infovera.com.ar\/web\/wp-json\/wp\/v2\/types\/post"}],"author":[{"embeddable":true,"href":"https:\/\/infovera.com.ar\/web\/wp-json\/wp\/v2\/users\/3"}],"replies":[{"embeddable":true,"href":"https:\/\/infovera.com.ar\/web\/wp-json\/wp\/v2\/comments?post=23470"}],"version-history":[{"count":0,"href":"https:\/\/infovera.com.ar\/web\/wp-json\/wp\/v2\/posts\/23470\/revisions"}],"wp:featuredmedia":[{"embeddable":true,"href":"https:\/\/infovera.com.ar\/web\/wp-json\/wp\/v2\/media\/23472"}],"wp:attachment":[{"href":"https:\/\/infovera.com.ar\/web\/wp-json\/wp\/v2\/media?parent=23470"}],"wp:term":[{"taxonomy":"category","embeddable":true,"href":"https:\/\/infovera.com.ar\/web\/wp-json\/wp\/v2\/categories?post=23470"},{"taxonomy":"post_tag","embeddable":true,"href":"https:\/\/infovera.com.ar\/web\/wp-json\/wp\/v2\/tags?post=23470"}],"curies":[{"name":"wp","href":"https:\/\/api.w.org\/{rel}","templated":true}]}}