{"id":23452,"date":"2021-07-11T19:06:16","date_gmt":"2021-07-11T22:06:16","guid":{"rendered":"https:\/\/infovera.com.ar\/web\/?p=23452"},"modified":"2021-07-12T19:17:48","modified_gmt":"2021-07-12T22:17:48","slug":"el-lunes-no-habra-atencion-en-oficinas-comerciales-de-la-epe-2","status":"publish","type":"post","link":"https:\/\/infovera.com.ar\/web\/2021\/07\/11\/el-lunes-no-habra-atencion-en-oficinas-comerciales-de-la-epe-2\/","title":{"rendered":"El lunes no habr\u00e1 atenci\u00f3n en oficinas comerciales de la EPE"},"content":{"rendered":"<p><strong>El 13 de julio se conmemora el d\u00eda de las trabajadoras y los trabajadores de la Energ\u00eda El\u00e9ctrica. Este a\u00f1o se traslada al lunes 12.<\/strong><\/p>\n<p>La Empresa Provincial de la Energ\u00eda informa que sus oficinas comerciales permanecer\u00e1n cerradas el lunes 12 de julio, con motivo de trasladarse el D\u00eda de las trabajadoras y los trabajadores de la energ\u00eda el\u00e9ctrica.<\/p>\n<p>El personal de guardia atender\u00e1 los reclamos t\u00e9cnicos relacionados con la prestaci\u00f3n del servicio.<\/p>\n<p>El Directorio de la EPE, aprovecha la oportunidad para saludar especialmente al personal de la energ\u00eda el\u00e9ctrica, que todos los d\u00edas desde su puesto colaboran para mantener y operar, particularmente en estos complejos momentos, una red de 56.000 kil\u00f3metros de extensi\u00f3n, que abastece a 3.500.000 de santafesinos.<\/p>\n<p>Adem\u00e1s, desea transmitir un especial saludo a las familias de los agentes de la EPE, que fallecieron durante esta \u00e9poca de pandemia.<\/p>\n","protected":false},"excerpt":{"rendered":"<p>El 13 de julio se conmemora el d\u00eda de las trabajadoras y los trabajadores de la Energ\u00eda El\u00e9ctrica. Este a\u00f1o se traslada al lunes 12. La Empresa Provincial de la Energ\u00eda informa que sus oficinas comerciales permanecer\u00e1n cerradas el lunes 12 de julio, con motivo de trasladarse el D\u00eda de las trabajadoras y los trabajadores [&hellip;]<\/p>\n","protected":false},"author":3,"featured_media":23454,"comment_status":"open","ping_status":"open","sticky":false,"template":"","format":"standard","meta":{"_joinchat":[],"footnotes":""},"categories":[51],"tags":[],"class_list":{"0":"post-23452","1":"post","2":"type-post","3":"status-publish","4":"format-standard","5":"has-post-thumbnail","7":"category-locales"},"_links":{"self":[{"href":"https:\/\/infovera.com.ar\/web\/wp-json\/wp\/v2\/posts\/23452","targetHints":{"allow":["GET"]}}],"collection":[{"href":"https:\/\/infovera.com.ar\/web\/wp-json\/wp\/v2\/posts"}],"about":[{"href":"https:\/\/infovera.com.ar\/web\/wp-json\/wp\/v2\/types\/post"}],"author":[{"embeddable":true,"href":"https:\/\/infovera.com.ar\/web\/wp-json\/wp\/v2\/users\/3"}],"replies":[{"embeddable":true,"href":"https:\/\/infovera.com.ar\/web\/wp-json\/wp\/v2\/comments?post=23452"}],"version-history":[{"count":0,"href":"https:\/\/infovera.com.ar\/web\/wp-json\/wp\/v2\/posts\/23452\/revisions"}],"wp:featuredmedia":[{"embeddable":true,"href":"https:\/\/infovera.com.ar\/web\/wp-json\/wp\/v2\/media\/23454"}],"wp:attachment":[{"href":"https:\/\/infovera.com.ar\/web\/wp-json\/wp\/v2\/media?parent=23452"}],"wp:term":[{"taxonomy":"category","embeddable":true,"href":"https:\/\/infovera.com.ar\/web\/wp-json\/wp\/v2\/categories?post=23452"},{"taxonomy":"post_tag","embeddable":true,"href":"https:\/\/infovera.com.ar\/web\/wp-json\/wp\/v2\/tags?post=23452"}],"curies":[{"name":"wp","href":"https:\/\/api.w.org\/{rel}","templated":true}]}}