{"id":23292,"date":"2021-07-08T12:04:14","date_gmt":"2021-07-08T15:04:14","guid":{"rendered":"https:\/\/infovera.com.ar\/web\/?p=23292"},"modified":"2021-07-08T12:04:39","modified_gmt":"2021-07-08T15:04:39","slug":"murio-el-conductor-del-etios-que-choco-en-la-guampita","status":"publish","type":"post","link":"https:\/\/infovera.com.ar\/web\/2021\/07\/08\/murio-el-conductor-del-etios-que-choco-en-la-guampita\/","title":{"rendered":"Muri\u00f3 el conductor del Etios que choc\u00f3 en La Guampita"},"content":{"rendered":"<p><strong>Polic\u00edas de la Comisar\u00eda 1ra de Vera tomaron conocimiento del deceso del conductor de un auto que protagoniz\u00f3 un siniestro vial ocurrido en Vera este lunes a las 14.00 hs aproximadamente.<\/strong><\/p>\n<p>Todo ocurri\u00f3 en RN11, km700, entre la ciudad de Vera y el ingreso a La<br \/>\nGallareta.<\/p>\n<p>El choque fue protagonizado por los conductores de dos camiones y el de un auto, este \u00faltimo result\u00f3 con lesiones grav\u00edsimas. La v\u00edctima fue identificada como Eduardo Walter Molina.<\/p>\n<p>Seguidamente, se entablaron las comunicaciones pertinentes con las autoridades judiciales<br \/>\ncompetentes, quienes ordenaron se identifiquen a los conductores de los dos camiones por Homicidio Culposo en Accidente de Tr\u00e1nsito.<\/p>\n<p>Cabe recordar, que el d\u00eda lunes desde la Comisar\u00eda 1ra se tom\u00f3 conocimiento de las primeras declaraciones de testigos, quienes manifestaron que los conductores de los dos camiones Scania circulaban en el mismo sentido y colisionaron primeramente.<\/p>\n<p><img loading=\"lazy\" decoding=\"async\" class=\" wp-image-22351 aligncenter\" src=\"https:\/\/infovera.com.ar\/web\/wp-content\/uploads\/2021\/06\/ACOSTA-3-300x54.jpg\" alt=\"\" width=\"667\" height=\"120\" srcset=\"https:\/\/infovera.com.ar\/web\/wp-content\/uploads\/2021\/06\/ACOSTA-3-300x54.jpg 300w, https:\/\/infovera.com.ar\/web\/wp-content\/uploads\/2021\/06\/ACOSTA-3.jpg 670w\" sizes=\"auto, (max-width: 667px) 100vw, 667px\" \/><\/p>\n<p>Como consecuencia de esto, se habr\u00eda desprendido el acoplado del primer veh\u00edculo, impactando en un auto Toyota Etios, que circulaba en sentido contrario.<\/p>\n<p>A ra\u00edz de esto, el conductor de este \u00faltimo sufri\u00f3 lesiones grav\u00edsimas y fue derivado al hospital de Reconquista para su atenci\u00f3n y evaluaci\u00f3n m\u00e9dica. Cabe agregar, que los dem\u00e1s sujetos no sufrieron lesiones.<\/p>\n","protected":false},"excerpt":{"rendered":"<p>Polic\u00edas de la Comisar\u00eda 1ra de Vera tomaron conocimiento del deceso del conductor de un auto que protagoniz\u00f3 un siniestro vial ocurrido en Vera este lunes a las 14.00 hs aproximadamente. Todo ocurri\u00f3 en RN11, km700, entre la ciudad de Vera y el ingreso a La Gallareta. El choque fue protagonizado por los conductores de [&hellip;]<\/p>\n","protected":false},"author":3,"featured_media":23294,"comment_status":"open","ping_status":"open","sticky":false,"template":"","format":"standard","meta":{"_joinchat":[],"footnotes":""},"categories":[51,30],"tags":[],"class_list":{"0":"post-23292","1":"post","2":"type-post","3":"status-publish","4":"format-standard","5":"has-post-thumbnail","7":"category-locales","8":"category-policiales"},"_links":{"self":[{"href":"https:\/\/infovera.com.ar\/web\/wp-json\/wp\/v2\/posts\/23292","targetHints":{"allow":["GET"]}}],"collection":[{"href":"https:\/\/infovera.com.ar\/web\/wp-json\/wp\/v2\/posts"}],"about":[{"href":"https:\/\/infovera.com.ar\/web\/wp-json\/wp\/v2\/types\/post"}],"author":[{"embeddable":true,"href":"https:\/\/infovera.com.ar\/web\/wp-json\/wp\/v2\/users\/3"}],"replies":[{"embeddable":true,"href":"https:\/\/infovera.com.ar\/web\/wp-json\/wp\/v2\/comments?post=23292"}],"version-history":[{"count":0,"href":"https:\/\/infovera.com.ar\/web\/wp-json\/wp\/v2\/posts\/23292\/revisions"}],"wp:featuredmedia":[{"embeddable":true,"href":"https:\/\/infovera.com.ar\/web\/wp-json\/wp\/v2\/media\/23294"}],"wp:attachment":[{"href":"https:\/\/infovera.com.ar\/web\/wp-json\/wp\/v2\/media?parent=23292"}],"wp:term":[{"taxonomy":"category","embeddable":true,"href":"https:\/\/infovera.com.ar\/web\/wp-json\/wp\/v2\/categories?post=23292"},{"taxonomy":"post_tag","embeddable":true,"href":"https:\/\/infovera.com.ar\/web\/wp-json\/wp\/v2\/tags?post=23292"}],"curies":[{"name":"wp","href":"https:\/\/api.w.org\/{rel}","templated":true}]}}