{"id":23205,"date":"2021-07-06T12:54:26","date_gmt":"2021-07-06T15:54:26","guid":{"rendered":"https:\/\/infovera.com.ar\/web\/?p=23205"},"modified":"2021-07-08T12:00:37","modified_gmt":"2021-07-08T15:00:37","slug":"perotti-llegar-al-millon-y-medio-de-santafesinos-y-santafesinas-vacunados-es-un-numero-mas-que-importante","status":"publish","type":"post","link":"https:\/\/infovera.com.ar\/web\/2021\/07\/06\/perotti-llegar-al-millon-y-medio-de-santafesinos-y-santafesinas-vacunados-es-un-numero-mas-que-importante\/","title":{"rendered":"Perotti: \u201cLlegar al mill\u00f3n y medio de santafesinos y santafesinas vacunados es un n\u00famero m\u00e1s que importante\u201d (video)"},"content":{"rendered":"<p><strong>El gobernador y la ministra de Salud se refirieron al plan de vacunaci\u00f3n provincial y nacional, y que en el territorio santafesino permiti\u00f3 alcanzar al 75% de todos los inscriptos.<\/strong><\/p>\n<p>Este martes el gobernador Omar Perotti, acompa\u00f1ado por la ministra de Salud, Sonia Martorano, evalu\u00f3 en Rosario el plan de vacunaci\u00f3n contra el Covid-19 por parte de la provincia y la Naci\u00f3n.<\/p>\n<p>En ese marco, el gobernador destac\u00f3 que \u201cllegar a 1 mill\u00f3n y medio de santafesinos y santafesinas vacunados, es un n\u00famero m\u00e1s que importante\u201d, al tiempo que insisti\u00f3 en agradecer \u201ca todos y a cada uno de los integrantes de los vacunatorios por el trato, el cari\u00f1o y por c\u00f3mo se est\u00e1 llevando adelante esa tarea\u201d.<\/p>\n<p>Luego mencion\u00f3 que \u201cse trata del programa de vacunaci\u00f3n m\u00e1s grande de la Argentina y se lleva adelante con muy buen ritmo\u201d. En ese sentido, Perotti record\u00f3 que \u201cnuestra tarea era, cuando llegaran las vacunas a la Argentina, estar organizados para poder colocarlas en el menor tiempo posible y eso fue permitiendo que hayamos ido ampliando y expandiendo la cantidad de vacunaci\u00f3n. Eso es lo que queremos, seguir incrementando el ritmo y acelerando el proceso de vacunaci\u00f3n\u201d.<\/p>\n<div style=\"width: 640px;\" class=\"wp-video\"><video class=\"wp-video-shortcode\" id=\"video-23205-1\" width=\"640\" height=\"360\" preload=\"metadata\" controls=\"controls\"><source type=\"video\/mp4\" src=\"https:\/\/www.santafe.gob.ar\/noticias\/recursos\/videosHD\/2021\/07\/2021-07-06NID_271510O_1.mp4?_=1\" \/><a href=\"https:\/\/www.santafe.gob.ar\/noticias\/recursos\/videosHD\/2021\/07\/2021-07-06NID_271510O_1.mp4\">https:\/\/www.santafe.gob.ar\/noticias\/recursos\/videosHD\/2021\/07\/2021-07-06NID_271510O_1.mp4<\/a><\/video><\/div>\n<p><strong>\u201cRITMO SOSTENIDO DE VACUNACI\u00d3N\u201d<\/strong><\/p>\n<p>El gobernador adem\u00e1s remarc\u00f3 que \u201cla provincia est\u00e1 cerca de llegar a 2 millones de personas inscriptas, eso habla de la confianza de la gente\u201d, y tambi\u00e9n a\u00f1adi\u00f3 que \u201cla perspectiva de llegada de vacunas, en lo que resta de julio y agosto es alentadora, por lo cual, este ritmo es el que queremos sostener\u201d.<\/p>\n<p>El gobernador tambi\u00e9n destac\u00f3 que \u201cel ritmo de vacunaci\u00f3n no se ha detenido, se han incorporado los fines de semana, y vamos a tratar de seguir expandiendo en distintos lugares, y por qu\u00e9 no tambi\u00e9n en algunos \u00e1mbitos adicionales, para poder ampliar la capacidad y que el plazo entre que llega una vacuna a la provincia y se coloca, sea el menor posible\u201d.<\/p>\n<p>\u201cEste es el desaf\u00edo de todo el equipo del Ministerio de Salud y de Desarrollo Social -continu\u00f3 Perotti-, est\u00e1n con ese compromiso para desplegar plenamente la log\u00edstica en todo el territorio provincial, que es amplio y extenso\u201d. Al respecto, destac\u00f3 que \u201ctuvimos la posibilidad de ir montando vacunatorios en la mayor\u00eda de las localidades de la provincia, y en base a eso es donde la optimizaci\u00f3n de los tiempos nos permite hoy tener a 1.500.000 de santafesinos vacunados, el 75% de todos los inscriptos ya vacunados, cercanos a los 30 a\u00f1os\u201d.<\/p>\n<p>\u201cSin dudas que eso es alentador y habla del esfuerzo enorme, del despliegue en el territorio, vacunar en una ciudad siempre es m\u00e1s f\u00e1cil, pero cuando hay que desplazarse kil\u00f3metros, por caminos de tierra, a lugares alejados, es all\u00ed donde hay que desplegar la mejor log\u00edstica, la mayor creatividad, y contar con la mayor entrega de la gente, por eso es que quiero destacar y agradecerles a cada uno de ellos\u201d, concluy\u00f3.<\/p>\n<p><strong>R\u00c9CORD DE APLICACIONES<\/strong><\/p>\n<p>Mientras tanto, la ministra Martorano agreg\u00f3 que \u201cdurante junio aplicamos 800.000 dosis, tuvimos un r\u00e9cord que super\u00f3 las 200.000 aplicaciones por semana. Esto est\u00e1 muy por encima de lo que hab\u00edamos dise\u00f1ado inicialmente y habla claramente del esfuerzo de los vacunadores, de la voluntad y entrega que se est\u00e1 teniendo\u201d.<\/p>\n<p>Respecto del megaoperativo de vacunaci\u00f3n, remarc\u00f3 que \u201cest\u00e1 desplegado no s\u00f3lo en las grandes ciudades, sino en un tema de cercan\u00eda, llegando a todo el territorio, a lo que le sumamos la b\u00fasqueda de personas que no se hab\u00edan inscripto, entonces a partir de nuestros centros de salud, de distintos dispositivos, estamos identificando, inscribiendo y vacunando a estas personas, as\u00ed que nuestro balance es muy positivo\u201d.<\/p>\n","protected":false},"excerpt":{"rendered":"<p>El gobernador y la ministra de Salud se refirieron al plan de vacunaci\u00f3n provincial y nacional, y que en el territorio santafesino permiti\u00f3 alcanzar al 75% de todos los inscriptos. Este martes el gobernador Omar Perotti, acompa\u00f1ado por la ministra de Salud, Sonia Martorano, evalu\u00f3 en Rosario el plan de vacunaci\u00f3n contra el Covid-19 por [&hellip;]<\/p>\n","protected":false},"author":3,"featured_media":23211,"comment_status":"open","ping_status":"open","sticky":false,"template":"","format":"standard","meta":{"_joinchat":[],"footnotes":""},"categories":[60],"tags":[],"class_list":{"0":"post-23205","1":"post","2":"type-post","3":"status-publish","4":"format-standard","5":"has-post-thumbnail","7":"category-provinciales"},"_links":{"self":[{"href":"https:\/\/infovera.com.ar\/web\/wp-json\/wp\/v2\/posts\/23205","targetHints":{"allow":["GET"]}}],"collection":[{"href":"https:\/\/infovera.com.ar\/web\/wp-json\/wp\/v2\/posts"}],"about":[{"href":"https:\/\/infovera.com.ar\/web\/wp-json\/wp\/v2\/types\/post"}],"author":[{"embeddable":true,"href":"https:\/\/infovera.com.ar\/web\/wp-json\/wp\/v2\/users\/3"}],"replies":[{"embeddable":true,"href":"https:\/\/infovera.com.ar\/web\/wp-json\/wp\/v2\/comments?post=23205"}],"version-history":[{"count":0,"href":"https:\/\/infovera.com.ar\/web\/wp-json\/wp\/v2\/posts\/23205\/revisions"}],"wp:featuredmedia":[{"embeddable":true,"href":"https:\/\/infovera.com.ar\/web\/wp-json\/wp\/v2\/media\/23211"}],"wp:attachment":[{"href":"https:\/\/infovera.com.ar\/web\/wp-json\/wp\/v2\/media?parent=23205"}],"wp:term":[{"taxonomy":"category","embeddable":true,"href":"https:\/\/infovera.com.ar\/web\/wp-json\/wp\/v2\/categories?post=23205"},{"taxonomy":"post_tag","embeddable":true,"href":"https:\/\/infovera.com.ar\/web\/wp-json\/wp\/v2\/tags?post=23205"}],"curies":[{"name":"wp","href":"https:\/\/api.w.org\/{rel}","templated":true}]}}