{"id":23181,"date":"2021-07-05T20:22:59","date_gmt":"2021-07-05T23:22:59","guid":{"rendered":"https:\/\/infovera.com.ar\/web\/?p=23181"},"modified":"2021-07-08T12:06:46","modified_gmt":"2021-07-08T15:06:46","slug":"todos-los-detalles-del-espectacular-triple-choque-en-la-guampita","status":"publish","type":"post","link":"https:\/\/infovera.com.ar\/web\/2021\/07\/05\/todos-los-detalles-del-espectacular-triple-choque-en-la-guampita\/","title":{"rendered":"Todos los detalles del espectacular triple choque en La Guampita"},"content":{"rendered":"<p><strong>Siendo las 13:45, un espectular acc<\/strong><strong>idente tuvo lugar en el kil\u00f3metro 710\/500 de Ruta 11, a la altura de La Guampita.<\/strong><\/p>\n<p>Por causas que se tratan de establecer, colisionaron un Toyota Etios de color blanco, conducido por Eduardo Molina, domiciliado en la ciudad de Jes\u00fas Mar\u00eda (C\u00f3rdoba), y dos camiones.<\/p>\n<p>Un Scania 113, con acoplado, conducido por un hombre de 55 a\u00f1os, que iba acompa\u00f1ado por una mujer de 39 a\u00f1os, ambos domiciliados en la ciudad de Reconquista; y un cami\u00f3n Scania, semi remolque, siendo su conductor un hombre de nacionalidad paraguaya.<\/p>\n<p>Como consecuencia del siniestro, el conductor del autom\u00f3vil Toyota Etios debi\u00f3 ser trasladado al nosocomio de la ciudad de Vera y, posteriormente, trasladado a la ciudad de Reconquista por la gravedad de sus lesiones.<\/p>\n<div id='gallery-1' class='gallery galleryid-23181 gallery-columns-3 gallery-size-thumbnail'><figure class='gallery-item'>\n\t\t\t<div class='gallery-icon landscape'>\n\t\t\t\t<a href='https:\/\/infovera.com.ar\/web\/2021\/07\/05\/todos-los-detalles-del-espectacular-triple-choque-en-la-guampita\/foto-75\/'><img loading=\"lazy\" decoding=\"async\" width=\"150\" height=\"150\" src=\"https:\/\/infovera.com.ar\/web\/wp-content\/uploads\/2021\/07\/foto-150x150.jpg\" class=\"attachment-thumbnail size-thumbnail\" alt=\"\" \/><\/a>\n\t\t\t<\/div><\/figure><figure class='gallery-item'>\n\t\t\t<div class='gallery-icon landscape'>\n\t\t\t\t<a href='https:\/\/infovera.com.ar\/web\/2021\/07\/05\/todos-los-detalles-del-espectacular-triple-choque-en-la-guampita\/1-99\/'><img loading=\"lazy\" decoding=\"async\" width=\"150\" height=\"150\" src=\"https:\/\/infovera.com.ar\/web\/wp-content\/uploads\/2021\/07\/1-1-150x150.jpg\" class=\"attachment-thumbnail size-thumbnail\" alt=\"\" \/><\/a>\n\t\t\t<\/div><\/figure><figure class='gallery-item'>\n\t\t\t<div class='gallery-icon landscape'>\n\t\t\t\t<a href='https:\/\/infovera.com.ar\/web\/2021\/07\/05\/todos-los-detalles-del-espectacular-triple-choque-en-la-guampita\/2-79\/'><img loading=\"lazy\" decoding=\"async\" width=\"150\" height=\"150\" src=\"https:\/\/infovera.com.ar\/web\/wp-content\/uploads\/2021\/07\/2-1-150x150.jpg\" class=\"attachment-thumbnail size-thumbnail\" alt=\"\" \/><\/a>\n\t\t\t<\/div><\/figure><figure class='gallery-item'>\n\t\t\t<div class='gallery-icon landscape'>\n\t\t\t\t<a href='https:\/\/infovera.com.ar\/web\/2021\/07\/05\/todos-los-detalles-del-espectacular-triple-choque-en-la-guampita\/3-67\/'><img loading=\"lazy\" decoding=\"async\" width=\"150\" height=\"150\" src=\"https:\/\/infovera.com.ar\/web\/wp-content\/uploads\/2021\/07\/3-150x150.jpg\" class=\"attachment-thumbnail size-thumbnail\" alt=\"\" \/><\/a>\n\t\t\t<\/div><\/figure><figure class='gallery-item'>\n\t\t\t<div class='gallery-icon landscape'>\n\t\t\t\t<a href='https:\/\/infovera.com.ar\/web\/2021\/07\/05\/todos-los-detalles-del-espectacular-triple-choque-en-la-guampita\/4-51\/'><img loading=\"lazy\" decoding=\"async\" width=\"150\" height=\"150\" src=\"https:\/\/infovera.com.ar\/web\/wp-content\/uploads\/2021\/07\/4-150x150.jpg\" class=\"attachment-thumbnail size-thumbnail\" alt=\"\" \/><\/a>\n\t\t\t<\/div><\/figure><figure class='gallery-item'>\n\t\t\t<div class='gallery-icon landscape'>\n\t\t\t\t<a href='https:\/\/infovera.com.ar\/web\/2021\/07\/05\/todos-los-detalles-del-espectacular-triple-choque-en-la-guampita\/5-35\/'><img loading=\"lazy\" decoding=\"async\" width=\"150\" height=\"150\" src=\"https:\/\/infovera.com.ar\/web\/wp-content\/uploads\/2021\/07\/5-150x150.jpg\" class=\"attachment-thumbnail size-thumbnail\" alt=\"\" \/><\/a>\n\t\t\t<\/div><\/figure><figure class='gallery-item'>\n\t\t\t<div class='gallery-icon landscape'>\n\t\t\t\t<a href='https:\/\/infovera.com.ar\/web\/2021\/07\/05\/todos-los-detalles-del-espectacular-triple-choque-en-la-guampita\/6-25\/'><img loading=\"lazy\" decoding=\"async\" width=\"150\" height=\"150\" src=\"https:\/\/infovera.com.ar\/web\/wp-content\/uploads\/2021\/07\/6-150x150.jpg\" class=\"attachment-thumbnail size-thumbnail\" alt=\"\" \/><\/a>\n\t\t\t<\/div><\/figure><figure class='gallery-item'>\n\t\t\t<div class='gallery-icon landscape'>\n\t\t\t\t<a href='https:\/\/infovera.com.ar\/web\/2021\/07\/05\/todos-los-detalles-del-espectacular-triple-choque-en-la-guampita\/7-22\/'><img loading=\"lazy\" decoding=\"async\" width=\"150\" height=\"150\" src=\"https:\/\/infovera.com.ar\/web\/wp-content\/uploads\/2021\/07\/7-150x150.jpg\" class=\"attachment-thumbnail size-thumbnail\" alt=\"\" \/><\/a>\n\t\t\t<\/div><\/figure>\n\t\t<\/div>\n\n<p>Fotos: Gabito Duarte &#8211; FMX Margarita<\/p>\n","protected":false},"excerpt":{"rendered":"<p>Siendo las 13:45, un espectular accidente tuvo lugar en el kil\u00f3metro 710\/500 de Ruta 11, a la altura de La Guampita. Por causas que se tratan de establecer, colisionaron un Toyota Etios de color blanco, conducido por Eduardo Molina, domiciliado en la ciudad de Jes\u00fas Mar\u00eda (C\u00f3rdoba), y dos camiones. Un Scania 113, con acoplado, [&hellip;]<\/p>\n","protected":false},"author":3,"featured_media":23183,"comment_status":"open","ping_status":"open","sticky":false,"template":"","format":"standard","meta":{"_joinchat":[],"footnotes":""},"categories":[30,53],"tags":[],"class_list":{"0":"post-23181","1":"post","2":"type-post","3":"status-publish","4":"format-standard","5":"has-post-thumbnail","7":"category-policiales","8":"category-vera"},"_links":{"self":[{"href":"https:\/\/infovera.com.ar\/web\/wp-json\/wp\/v2\/posts\/23181","targetHints":{"allow":["GET"]}}],"collection":[{"href":"https:\/\/infovera.com.ar\/web\/wp-json\/wp\/v2\/posts"}],"about":[{"href":"https:\/\/infovera.com.ar\/web\/wp-json\/wp\/v2\/types\/post"}],"author":[{"embeddable":true,"href":"https:\/\/infovera.com.ar\/web\/wp-json\/wp\/v2\/users\/3"}],"replies":[{"embeddable":true,"href":"https:\/\/infovera.com.ar\/web\/wp-json\/wp\/v2\/comments?post=23181"}],"version-history":[{"count":0,"href":"https:\/\/infovera.com.ar\/web\/wp-json\/wp\/v2\/posts\/23181\/revisions"}],"wp:featuredmedia":[{"embeddable":true,"href":"https:\/\/infovera.com.ar\/web\/wp-json\/wp\/v2\/media\/23183"}],"wp:attachment":[{"href":"https:\/\/infovera.com.ar\/web\/wp-json\/wp\/v2\/media?parent=23181"}],"wp:term":[{"taxonomy":"category","embeddable":true,"href":"https:\/\/infovera.com.ar\/web\/wp-json\/wp\/v2\/categories?post=23181"},{"taxonomy":"post_tag","embeddable":true,"href":"https:\/\/infovera.com.ar\/web\/wp-json\/wp\/v2\/tags?post=23181"}],"curies":[{"name":"wp","href":"https:\/\/api.w.org\/{rel}","templated":true}]}}