{"id":23132,"date":"2021-07-05T08:49:01","date_gmt":"2021-07-05T11:49:01","guid":{"rendered":"https:\/\/infovera.com.ar\/web\/?p=23132"},"modified":"2021-07-05T08:49:01","modified_gmt":"2021-07-05T11:49:01","slug":"los-voluntarios-cuentan-en-primera-persona-el-operativo-de-vacunacion-contra-el-covid","status":"publish","type":"post","link":"https:\/\/infovera.com.ar\/web\/2021\/07\/05\/los-voluntarios-cuentan-en-primera-persona-el-operativo-de-vacunacion-contra-el-covid\/","title":{"rendered":"Los voluntarios cuentan en primera persona el operativo de vacunaci\u00f3n contra el Covid"},"content":{"rendered":"<p><strong>Los voluntarios y voluntarias de los centros de vacunaci\u00f3n de todo el territorio de la provincia de Santa Fe contaron sus experiencias al frente de la primera l\u00ednea del megaoperativo que lleva a cabo el gobierno provincial para inmunizar a toda la poblaci\u00f3n. <\/strong><\/p>\n<p>Fue en una de las charlas que forman parte del ciclo organizado por Hacemos Santa Fe cada semana, en la que dialogaron con el senador nacional Roberto Mirabella y la Directora Provincial de Territorios Saludables del Ministerio de Salud de Santa Fe Ana Paula Milo, y explicaron el trabajo diario que realizan desde hace meses en el \u00e1rea de salud y lo que est\u00e1n viviendo en este tiempo de pandemia.<\/p>\n<p>Participaron de la reuni\u00f3n v\u00eda teleconferencia, voluntarios de los 4 rincones de la provincia: Leandro Meres de Reconquista, Luciana D\u00edaz de Rafaela, Aldana Bianchi de Rosario, Gabriela P\u00e9rez de Santa Fe y Claudia Hasper de Venado Tuerto. Contaron las problem\u00e1ticas y los desaf\u00edos que tuvieron que atravesar en los 336 vacunatorios de toda la provincia desde el inicio de la campa\u00f1a de vacunaci\u00f3n m\u00e1s grande de la historia, en la que se aplicaron m\u00e1s de 1.700.000 vacunas en la provincia.<\/p>\n<p>Durante la apertura, Roberto Mirabella destac\u00f3 el compromiso diario de cada uno de los voluntarios y de las voluntarias, &#8220;le est\u00e1n poniendo mucho cari\u00f1o y mucho amor, estoy orgulloso del ejemplo que se est\u00e1 dando&#8221; y afirm\u00f3 &#8220;la Ministra de Salud Sonia Martorano y el Gobernador Omar Perotti desde el minuto cero de la pandemia han liderado todo este trabajo de una manera impresionante&#8221;. Remarc\u00f3 que &#8220;somos l\u00edderes en la vacunaci\u00f3n, est\u00e1 el 100% del sector docente y de auxiliares docentes vacunados con las dos dosis y adem\u00e1s\u00a0 somos l\u00edderes en la cantidad y en la rapidez de la vacunaci\u00f3n. La \u00faltima semana fue record de turnos otorgados&#8221;.<\/p>\n<p>A su turno Leandro Meres asegur\u00f3 que &#8220;se est\u00e1 haciendo un trabajo muy bueno en todo sentido, la gente sale content\u00edsima, me emociona mucho&#8221; y afirm\u00f3 &#8220;hay que salir a buscar a la gente que no se inscribi\u00f3 para la vacuna, hay que hacerlo para tener resultados&#8221;. En ese sentido, Claudia Hasper agradeci\u00f3 a todos los sectores del sistema de salud y sostuvo que &#8220;los vacunadores demuestran el compromiso asumido en esta campa\u00f1a&#8221;.<\/p>\n<p>A continuaci\u00f3n, Luciana D\u00edaz resalt\u00f3 que &#8220;lo m\u00e1s importante era llegar a los que m\u00e1s lo necesitaban&#8221; y que &#8220;la respuesta de la sociedad fue un gracias total&#8221;. Tambi\u00e9n afirm\u00f3: &#8220;en nuestro vacunatorio se festeja que nuestro gobierno nos mande vacunas y nos escuche&#8221;.<\/p>\n<p>Aldana Bianchi sostuvo que &#8220;la experiencia me llena de orgullo, venimos batallando de lunes a lunes, estamos haciendo historia. Jam\u00e1s cre\u00ed que iba a vivir esta experiencia&#8221; y asegur\u00f3 que &#8220;desde hace un mes que Desarrollo Social incorpor\u00f3 el relevamiento de datos para llegar a la gente que no puede anotarse en el turnero, llamando casa por casa, buscando promover la importancia de vacunarse. Ese es nuestro rol&#8221;.<\/p>\n<p>Gabriela P\u00e9rez asegur\u00f3 que &#8220;es gratificante c\u00f3mo se est\u00e1 trabajando en todas las regiones, nos llena de felicidad, los compa\u00f1eros reciben obsequios de la gente, creamos un hilo de esperanza&#8221; y que &#8220;tener la devoluci\u00f3n de la felicidad de cada vacunado es el mayor premio que puede tener salud&#8221;.<\/p>\n<p>Por su parte, Dar\u00edo Nievas desde Vera, remarc\u00f3 que &#8220;nos sumamos a la gente de salud en febrero para organizar la llegada y la salida de las personas que llegaban al vacunatorio, el control y la carga de datos&#8221; y cont\u00f3 que &#8220;somos profesores de educaci\u00f3n f\u00edsica, maestras jardineras, asistentes sociales que estamos trabajando, somos m\u00e1s de 30 los colaboradores que estamos y la gente de salud \u00fanicamente se encarga de la vacuna, de la colocaci\u00f3n y recomendaciones, y de lo de m\u00e1s nos encargamos nosotros, as\u00ed de esa manera le facilitamos toda la coordinaci\u00f3n que ellos necesitaban previo al momento de la colocaci\u00f3n de la vacuna&#8221;.<\/p>\n<p>La Directora Provincial de Territorios Saludables del Ministerio de Salud de Santa Fe, Ana Paula Milo, contextualiz\u00f3 el comienzo de la campa\u00f1a de vacunaci\u00f3n y todo lo que implicaba esta pandemia para el sector de la salud, &#8220;hoy atravesando ya dos olas pudimos garantizar la atenci\u00f3n de todos nuestros pacientes, eso implic\u00f3 un trabajo marat\u00f3nico de absolutamente todos los equipos de salud y un trabajo de nuestra ministra y de nuestro gobernador en cuanto a la compra y la inversi\u00f3n en equipamiento, de infraestructura, de equipamiento de protecci\u00f3n personal&#8221;.<\/p>\n<p>Tambi\u00e9n sostuvo &#8220;tuvimos que capacitar al recurso humano y pensar c\u00f3mo nuestros equipos se preparaban para poder prever el descongelamiento de las vacunas y la aplicaci\u00f3n en el per\u00edodo m\u00e1ximo que es de dos horas que es lo que dura antes de desactivarse, todo un desaf\u00edo de capacitaci\u00f3n de equipos paralelo a la log\u00edstica&#8221;. Asimismo pidi\u00f3 a todos y a todas &#8220;militar el registro, salir a buscarlos, ayudarlos ya que es fundamental que nuestra poblaci\u00f3n mayor de 18 a\u00f1os est\u00e9 vacunada&#8221; y agreg\u00f3 que se distribuyen las dosis seg\u00fan la cantidad de registrados &#8220;ese es el criterio, es una mirada netamente sanitaria en la campa\u00f1a de vacunaci\u00f3n&#8221;.<\/p>\n<p>El cierre estuvo a cargo del Dr. Sebasti\u00e1n Torres, Coordinador de Dispositivos Territoriales del Ministerio de Salud de la Provincia, quien afirm\u00f3 &#8220;escuchar a todos los compa\u00f1eros de todos los puntos de la provincia pareciera que nos hubi\u00e9semos puesto de acuerdo porque todos tenemos la misma experiencia en cuanto a la vacunaci\u00f3n, la alegr\u00eda de la gente, la felicidad de la gente, c\u00f3mo lo que representa la vacuna como una dosis de felicidad y esperanza supera cualquier discusi\u00f3n&#8221;. Tambi\u00e9n agradeci\u00f3 a los compa\u00f1eros de cada \u00e1rea por encontrarse &#8220;trabajando espalda con espalda con empat\u00eda&#8221; y remarc\u00f3 que &#8220;tenemos que estar orgullosos de lo que estamos haciendo, estamos haciendo historia, tenemos que ser conscientes de eso y hoy a la gente no solamente le estamos llevando una dosis de un elemento que genera una reacci\u00f3n inmunol\u00f3gica en su cuerpo sino que es una dosis de amor, de felicidad&#8221;.<\/p>\n","protected":false},"excerpt":{"rendered":"<p>Los voluntarios y voluntarias de los centros de vacunaci\u00f3n de todo el territorio de la provincia de Santa Fe contaron sus experiencias al frente de la primera l\u00ednea del megaoperativo que lleva a cabo el gobierno provincial para inmunizar a toda la poblaci\u00f3n. Fue en una de las charlas que forman parte del ciclo organizado [&hellip;]<\/p>\n","protected":false},"author":3,"featured_media":23138,"comment_status":"open","ping_status":"open","sticky":false,"template":"","format":"standard","meta":{"_joinchat":[],"footnotes":""},"categories":[1],"tags":[],"class_list":{"0":"post-23132","1":"post","2":"type-post","3":"status-publish","4":"format-standard","5":"has-post-thumbnail","7":"category-sin-categoria"},"_links":{"self":[{"href":"https:\/\/infovera.com.ar\/web\/wp-json\/wp\/v2\/posts\/23132","targetHints":{"allow":["GET"]}}],"collection":[{"href":"https:\/\/infovera.com.ar\/web\/wp-json\/wp\/v2\/posts"}],"about":[{"href":"https:\/\/infovera.com.ar\/web\/wp-json\/wp\/v2\/types\/post"}],"author":[{"embeddable":true,"href":"https:\/\/infovera.com.ar\/web\/wp-json\/wp\/v2\/users\/3"}],"replies":[{"embeddable":true,"href":"https:\/\/infovera.com.ar\/web\/wp-json\/wp\/v2\/comments?post=23132"}],"version-history":[{"count":0,"href":"https:\/\/infovera.com.ar\/web\/wp-json\/wp\/v2\/posts\/23132\/revisions"}],"wp:featuredmedia":[{"embeddable":true,"href":"https:\/\/infovera.com.ar\/web\/wp-json\/wp\/v2\/media\/23138"}],"wp:attachment":[{"href":"https:\/\/infovera.com.ar\/web\/wp-json\/wp\/v2\/media?parent=23132"}],"wp:term":[{"taxonomy":"category","embeddable":true,"href":"https:\/\/infovera.com.ar\/web\/wp-json\/wp\/v2\/categories?post=23132"},{"taxonomy":"post_tag","embeddable":true,"href":"https:\/\/infovera.com.ar\/web\/wp-json\/wp\/v2\/tags?post=23132"}],"curies":[{"name":"wp","href":"https:\/\/api.w.org\/{rel}","templated":true}]}}