{"id":23095,"date":"2021-07-02T20:41:11","date_gmt":"2021-07-02T23:41:11","guid":{"rendered":"https:\/\/infovera.com.ar\/web\/?p=23095"},"modified":"2021-07-05T09:58:08","modified_gmt":"2021-07-05T12:58:08","slug":"urgente-secuestran-mas-de-3-kilos-de-marihuana-en-calchaqui","status":"publish","type":"post","link":"https:\/\/infovera.com.ar\/web\/2021\/07\/02\/urgente-secuestran-mas-de-3-kilos-de-marihuana-en-calchaqui\/","title":{"rendered":"Secuestran marihuana en Calchaqu\u00ed"},"content":{"rendered":"<p><strong>En el marco de patrullajes preventivos, polic\u00edas de la Comisar\u00eda Segunda sorprendieron a dos motociclistas en barrio Aborigen.<\/strong><\/p>\n<p>Al darle la voz de alto ambos se dieron a la fuga. Pero una de las motos se par\u00f3 en el lugar y no volvi\u00f3 a arrancar.<\/p>\n<p>Al ser requisado, el sujeto llevaba consigo lo que se estima ser\u00edan 3,5 kilos de marihuana.<\/p>\n<p>Hay dos aprehendidos y el jefe de Unidad, Gustavo Borovachi acudi\u00f3 al.lugar dada la importancia del procedimiento.<\/p>\n<p><img loading=\"lazy\" decoding=\"async\" class=\" wp-image-22351 aligncenter\" src=\"https:\/\/infovera.com.ar\/web\/wp-content\/uploads\/2021\/06\/ACOSTA-3-300x54.jpg\" alt=\"\" width=\"600\" height=\"108\" srcset=\"https:\/\/infovera.com.ar\/web\/wp-content\/uploads\/2021\/06\/ACOSTA-3-300x54.jpg 300w, https:\/\/infovera.com.ar\/web\/wp-content\/uploads\/2021\/06\/ACOSTA-3.jpg 670w\" sizes=\"auto, (max-width: 600px) 100vw, 600px\" \/><\/p>\n","protected":false},"excerpt":{"rendered":"<p>En el marco de patrullajes preventivos, polic\u00edas de la Comisar\u00eda Segunda sorprendieron a dos motociclistas en barrio Aborigen. Al darle la voz de alto ambos se dieron a la fuga. Pero una de las motos se par\u00f3 en el lugar y no volvi\u00f3 a arrancar. Al ser requisado, el sujeto llevaba consigo lo que se [&hellip;]<\/p>\n","protected":false},"author":3,"featured_media":0,"comment_status":"open","ping_status":"open","sticky":false,"template":"","format":"standard","meta":{"_joinchat":[],"footnotes":""},"categories":[52,30],"tags":[],"class_list":{"0":"post-23095","1":"post","2":"type-post","3":"status-publish","4":"format-standard","6":"category-calchaqui","7":"category-policiales"},"_links":{"self":[{"href":"https:\/\/infovera.com.ar\/web\/wp-json\/wp\/v2\/posts\/23095","targetHints":{"allow":["GET"]}}],"collection":[{"href":"https:\/\/infovera.com.ar\/web\/wp-json\/wp\/v2\/posts"}],"about":[{"href":"https:\/\/infovera.com.ar\/web\/wp-json\/wp\/v2\/types\/post"}],"author":[{"embeddable":true,"href":"https:\/\/infovera.com.ar\/web\/wp-json\/wp\/v2\/users\/3"}],"replies":[{"embeddable":true,"href":"https:\/\/infovera.com.ar\/web\/wp-json\/wp\/v2\/comments?post=23095"}],"version-history":[{"count":0,"href":"https:\/\/infovera.com.ar\/web\/wp-json\/wp\/v2\/posts\/23095\/revisions"}],"wp:attachment":[{"href":"https:\/\/infovera.com.ar\/web\/wp-json\/wp\/v2\/media?parent=23095"}],"wp:term":[{"taxonomy":"category","embeddable":true,"href":"https:\/\/infovera.com.ar\/web\/wp-json\/wp\/v2\/categories?post=23095"},{"taxonomy":"post_tag","embeddable":true,"href":"https:\/\/infovera.com.ar\/web\/wp-json\/wp\/v2\/tags?post=23095"}],"curies":[{"name":"wp","href":"https:\/\/api.w.org\/{rel}","templated":true}]}}