{"id":23041,"date":"2021-07-02T12:08:24","date_gmt":"2021-07-02T15:08:24","guid":{"rendered":"https:\/\/infovera.com.ar\/web\/?p=23041"},"modified":"2021-07-02T12:08:24","modified_gmt":"2021-07-02T15:08:24","slug":"avanza-el-programa-caminos-de-la-ruralidad-en-todo-el-territorio-santafesino","status":"publish","type":"post","link":"https:\/\/infovera.com.ar\/web\/2021\/07\/02\/avanza-el-programa-caminos-de-la-ruralidad-en-todo-el-territorio-santafesino\/","title":{"rendered":"Avanza el Programa Caminos de la Ruralidad en todo el territorio santafesino"},"content":{"rendered":"<p><strong>Autoridades del gobierno recorren las obras y analizan futuras trazas en distintos puntos de la provincia.<\/strong><\/p>\n<p>El ministro de Producci\u00f3n, Ciencia y Tecnolog\u00eda, Daniel Costamagna, visit\u00f3 caminos rurales de la localidad de Emilia (departamento La Capital) que pueden ser beneficiarios del Programa Caminos de la Ruralidad. De la actividad particip\u00f3 tambi\u00e9n el presidente comunal local, Esteban Panigo.Por su parte, el director provincial de Coordinaci\u00f3n y Articulaci\u00f3n Territorial, Mat\u00edas Giorgetti, junto con el presidente comunal de Pilar, Diego Vargas, recorrieron las obras en la traza de esa localidad, proyecto que recibi\u00f3 18,2 millones de pesos por parte del gobierno provincial y que presenta un importante grado de avance con el armado del caj\u00f3n y la colocaci\u00f3n de ripio para la finalizaci\u00f3n de la obra.<\/p>\n<p>Ambas iniciativas buscan el mejoramiento de trazas que tiene impacto en la producci\u00f3n, en la educaci\u00f3n y en el arraigo en la regi\u00f3n. Este Programa, impulsado por el Ministerio de Producci\u00f3n, Ciencia y Tecnolog\u00eda, tiene como objetivo conformar un sistema de asistencia t\u00e9cnica y econ\u00f3mica que permita la incorporaci\u00f3n de infraestructura productiva, con prioridad en el mejorado y el mantenimiento de los caminos rurales del territorio provincial, mediante el dise\u00f1o de trazas viales.<\/p>\n<p>El plan de acci\u00f3n que prev\u00e9 el programa contempla un relevamiento de necesidades, la elaboraci\u00f3n de informes t\u00e9cnicos, la implementaci\u00f3n a partir de objetivos o puntos de conectividad de las distintas trazas y la ejecuci\u00f3n de los proyectos prioritarios con clave de arraigo.<\/p>\n<p><strong>ASEGURAR LA TRANSITABILIDAD<\/strong><\/p>\n<p>Al respecto, el ministro Costamagna destac\u00f3 que \u201cel programa avanza a muy buen ritmo, con nuevas localidades adheridas y, en algunos casos, con obras avanzadas. El principal objetivo es asegurar la transitabilidad de los caminos de la producci\u00f3n en toda la provincia, fundamentalmente en los d\u00edas de lluvia y teniendo en cuenta las unidades productivas, como por ejemplo las l\u00e1cteas, av\u00edcolas y porcinas\u201d.<\/p>\n<p>\u201cOtro punto que se tiene en cuenta a la hora de analizar las trazas son las escuela. Hablamos de caminos de la ruralidad porque tienen que ver con la cotidianidad de la poblaci\u00f3n rural. Es una iniciativa con impacto econ\u00f3mico y social en el territorio y una forma de fomentar el arraigo\u201d, concluy\u00f3 Costamgna.<\/p>\n","protected":false},"excerpt":{"rendered":"<p>Autoridades del gobierno recorren las obras y analizan futuras trazas en distintos puntos de la provincia. El ministro de Producci\u00f3n, Ciencia y Tecnolog\u00eda, Daniel Costamagna, visit\u00f3 caminos rurales de la localidad de Emilia (departamento La Capital) que pueden ser beneficiarios del Programa Caminos de la Ruralidad. De la actividad particip\u00f3 tambi\u00e9n el presidente comunal local, [&hellip;]<\/p>\n","protected":false},"author":3,"featured_media":23043,"comment_status":"open","ping_status":"open","sticky":false,"template":"","format":"standard","meta":{"_joinchat":[],"footnotes":""},"categories":[60],"tags":[],"class_list":{"0":"post-23041","1":"post","2":"type-post","3":"status-publish","4":"format-standard","5":"has-post-thumbnail","7":"category-provinciales"},"_links":{"self":[{"href":"https:\/\/infovera.com.ar\/web\/wp-json\/wp\/v2\/posts\/23041","targetHints":{"allow":["GET"]}}],"collection":[{"href":"https:\/\/infovera.com.ar\/web\/wp-json\/wp\/v2\/posts"}],"about":[{"href":"https:\/\/infovera.com.ar\/web\/wp-json\/wp\/v2\/types\/post"}],"author":[{"embeddable":true,"href":"https:\/\/infovera.com.ar\/web\/wp-json\/wp\/v2\/users\/3"}],"replies":[{"embeddable":true,"href":"https:\/\/infovera.com.ar\/web\/wp-json\/wp\/v2\/comments?post=23041"}],"version-history":[{"count":0,"href":"https:\/\/infovera.com.ar\/web\/wp-json\/wp\/v2\/posts\/23041\/revisions"}],"wp:featuredmedia":[{"embeddable":true,"href":"https:\/\/infovera.com.ar\/web\/wp-json\/wp\/v2\/media\/23043"}],"wp:attachment":[{"href":"https:\/\/infovera.com.ar\/web\/wp-json\/wp\/v2\/media?parent=23041"}],"wp:term":[{"taxonomy":"category","embeddable":true,"href":"https:\/\/infovera.com.ar\/web\/wp-json\/wp\/v2\/categories?post=23041"},{"taxonomy":"post_tag","embeddable":true,"href":"https:\/\/infovera.com.ar\/web\/wp-json\/wp\/v2\/tags?post=23041"}],"curies":[{"name":"wp","href":"https:\/\/api.w.org\/{rel}","templated":true}]}}