{"id":23037,"date":"2021-07-02T12:03:06","date_gmt":"2021-07-02T15:03:06","guid":{"rendered":"https:\/\/infovera.com.ar\/web\/?p=23037"},"modified":"2021-07-05T07:10:53","modified_gmt":"2021-07-05T10:10:53","slug":"el-cura-abusador-nestor-monzon-fue-expulsado-definitivamente-de-la-curia","status":"publish","type":"post","link":"https:\/\/infovera.com.ar\/web\/2021\/07\/02\/el-cura-abusador-nestor-monzon-fue-expulsado-definitivamente-de-la-curia\/","title":{"rendered":"El cura abusador N\u00e9stor Monz\u00f3n fue expulsado definitivamente del orden sacerdotal"},"content":{"rendered":"<p><strong>El Obispado de Reconquista inform\u00f3 que mediante una carta recibida el 1\u00ba de junio de 2021 dirigida al obispo diocesano monse\u00f1or \u00c1ngel Jos\u00e9 Macin con fecha del 11 de marzo de 2021,<\/strong> el prefecto de la Congregaci\u00f3n para la Doctrina de la Fe y moderador del colegio para el examen de los recursos Luis Francisco Ladaria Ferrer ha comunicado la decis\u00f3n al recurso presentado por N\u00e9stor Fabi\u00e1n Monz\u00f3n al decreto del 26 de octubre de 2020.<\/p>\n<p>En ese sentido, la sede episcopal se\u00f1al\u00f3 que &#8220;despu\u00e9s de un atento estudio de la misma ha sido rechazada consider\u00e1ndola inadmisible en consecuencia confirmando la decisi\u00f3n expresada en dicho decreto y se agotado todas las instancias se declara y la destituci\u00f3n del estado clerical de N\u00e9stor Fabi\u00e1n Monz\u00f3n es definitiva para todos los efectos de la ley&#8221;.<\/p>\n<p>Por lo tanto, explic\u00f3 luego de haber recorrido todos los pasos previstos por el derecho can\u00f3nico en las causas llamadas &#8220;delicta graviora&#8221;, el proceso administrativo penal llevado a cabo en la di\u00f3cesis con el seguimiento y orientaci\u00f3n permanente de la Santa Sede contra N\u00e9stor Fabi\u00e1n Monz\u00f3n ha llegado a su finalizaci\u00f3n. La destituci\u00f3n del estado clerical supone la p\u00e9rdida de todos los derechos y las obligaciones inherentes al orden sacerdotal sin perjuicio de lo del prescriptor en el canon 291<\/p>\n<p>Tambi\u00e9n qued\u00f3 inhabilitado para ejercer el ministerio sacerdotal. Despu\u00e9s de haber notificado a N\u00e9stor Fabi\u00e1n Monz\u00f3n ya todas las partes concurrentes en este caso se proceder\u00e1 a remitir la documentaci\u00f3n pertinente a la Congregaci\u00f3n para la Doctrina de la Fe y archivar la causa, concluy\u00f3 el Obispado.<\/p>\n","protected":false},"excerpt":{"rendered":"<p>El Obispado de Reconquista inform\u00f3 que mediante una carta recibida el 1\u00ba de junio de 2021 dirigida al obispo diocesano monse\u00f1or \u00c1ngel Jos\u00e9 Macin con fecha del 11 de marzo de 2021, el prefecto de la Congregaci\u00f3n para la Doctrina de la Fe y moderador del colegio para el examen de los recursos Luis Francisco [&hellip;]<\/p>\n","protected":false},"author":3,"featured_media":0,"comment_status":"open","ping_status":"open","sticky":false,"template":"","format":"standard","meta":{"_joinchat":[],"footnotes":""},"categories":[55],"tags":[],"class_list":{"0":"post-23037","1":"post","2":"type-post","3":"status-publish","4":"format-standard","6":"category-reconquista"},"_links":{"self":[{"href":"https:\/\/infovera.com.ar\/web\/wp-json\/wp\/v2\/posts\/23037","targetHints":{"allow":["GET"]}}],"collection":[{"href":"https:\/\/infovera.com.ar\/web\/wp-json\/wp\/v2\/posts"}],"about":[{"href":"https:\/\/infovera.com.ar\/web\/wp-json\/wp\/v2\/types\/post"}],"author":[{"embeddable":true,"href":"https:\/\/infovera.com.ar\/web\/wp-json\/wp\/v2\/users\/3"}],"replies":[{"embeddable":true,"href":"https:\/\/infovera.com.ar\/web\/wp-json\/wp\/v2\/comments?post=23037"}],"version-history":[{"count":0,"href":"https:\/\/infovera.com.ar\/web\/wp-json\/wp\/v2\/posts\/23037\/revisions"}],"wp:attachment":[{"href":"https:\/\/infovera.com.ar\/web\/wp-json\/wp\/v2\/media?parent=23037"}],"wp:term":[{"taxonomy":"category","embeddable":true,"href":"https:\/\/infovera.com.ar\/web\/wp-json\/wp\/v2\/categories?post=23037"},{"taxonomy":"post_tag","embeddable":true,"href":"https:\/\/infovera.com.ar\/web\/wp-json\/wp\/v2\/tags?post=23037"}],"curies":[{"name":"wp","href":"https:\/\/api.w.org\/{rel}","templated":true}]}}