{"id":22987,"date":"2021-06-30T17:34:32","date_gmt":"2021-06-30T20:34:32","guid":{"rendered":"https:\/\/infovera.com.ar\/web\/?p=22987"},"modified":"2021-07-01T15:45:36","modified_gmt":"2021-07-01T18:45:36","slug":"despiden-a-don-fery-yanez-historico-militante-del-pdp","status":"publish","type":"post","link":"https:\/\/infovera.com.ar\/web\/2021\/06\/30\/despiden-a-don-fery-yanez-historico-militante-del-pdp\/","title":{"rendered":"Despiden a Don Fery Ya\u00f1ez, reconocido militante del PDP"},"content":{"rendered":"<p><strong>El Frente Progresista del departamento Vera se sum\u00f3 al reconocimiento al militante del Partido Dem\u00f3crata Progresista, Don Fery Ya\u00f1ez, fallecido hoy. Las palabras de despedida corrieron por cuenta de la dirigente de Los Amores, Carolina Ben\u00edtez.<\/strong><\/p>\n<p><em><strong>Cuando un amigo se va, queda un espacio vac\u00edo&#8230;<\/strong><\/em><\/p>\n<p>La pandemia se ensa\u00f1a con los buenos, le\u00ed por ah\u00ed. Y es as\u00ed, se fue una persona con una solidaridad incomparable.<\/p>\n<p>Un gaucho que tendi\u00f3 la mano a muchas personas, que no supo hacer diferencias; ayud\u00f3 a amigos y enemigos. Conocidos y desconocidos.<\/p>\n<p>Una persona que trabaj\u00f3 toda su vida y &#8211; a\u00fan con el capital que ten\u00eda &#8211; era uno m\u00e1s del mont\u00f3n. Tomaba su matecito cebado por Carlos, su amigo de toda la vida, al costado del fog\u00f3n y acarreado mejor. Cuantas veces donaste el asado para los cumplea\u00f1os de 15. La vaquilla para los egresados era infaltable. Las ayudas a las instituciones. A las familias humildes, enfermos, ancianos, j\u00f3venes con sue\u00f1os de ir a estudiar a otro lado, si habr\u00e1s pagado pasajes para ellos!!!!<\/p>\n<p>Ni hablar de tu compromiso con la pol\u00edtica, era lo que m\u00e1s te gustaba, adem\u00e1s de las carreras de caballos. Te encantaba hablar de pol\u00edtica. Siempre quisiste lo mejor para la gente. Por eso pensabas que hab\u00eda que cambiar, por eso apoyabas a los cambios. Siempre fuiste un hombre de palabra y esa virtud te dejar\u00e1 en nuestra memoria, por haber estado siempre para todos quienes te necesitaron.<\/p>\n<p>Por todas estas razones y muchas m\u00e1s, te ganaste el aprecio de mucha gente, el respeto y el cari\u00f1o. Hombre sencillo, siempre con tu sombrero y tus alpargatas blancas.<\/p>\n<p>As\u00ed te recordar\u00e9 como el gran hombre que fuiste.<\/p>\n<p>Hasta siempre mi gran amigo!<\/p>\n<p><strong>Palabras de Carolina Benitez<\/strong><\/p>\n","protected":false},"excerpt":{"rendered":"<p>El Frente Progresista del departamento Vera se sum\u00f3 al reconocimiento al militante del Partido Dem\u00f3crata Progresista, Don Fery Ya\u00f1ez, fallecido hoy. Las palabras de despedida corrieron por cuenta de la dirigente de Los Amores, Carolina Ben\u00edtez. Cuando un amigo se va, queda un espacio vac\u00edo&#8230; La pandemia se ensa\u00f1a con los buenos, le\u00ed por ah\u00ed. [&hellip;]<\/p>\n","protected":false},"author":3,"featured_media":22990,"comment_status":"open","ping_status":"open","sticky":false,"template":"","format":"standard","meta":{"_joinchat":[],"footnotes":""},"categories":[51,36],"tags":[],"class_list":{"0":"post-22987","1":"post","2":"type-post","3":"status-publish","4":"format-standard","5":"has-post-thumbnail","7":"category-locales","8":"category-sociedad"},"_links":{"self":[{"href":"https:\/\/infovera.com.ar\/web\/wp-json\/wp\/v2\/posts\/22987","targetHints":{"allow":["GET"]}}],"collection":[{"href":"https:\/\/infovera.com.ar\/web\/wp-json\/wp\/v2\/posts"}],"about":[{"href":"https:\/\/infovera.com.ar\/web\/wp-json\/wp\/v2\/types\/post"}],"author":[{"embeddable":true,"href":"https:\/\/infovera.com.ar\/web\/wp-json\/wp\/v2\/users\/3"}],"replies":[{"embeddable":true,"href":"https:\/\/infovera.com.ar\/web\/wp-json\/wp\/v2\/comments?post=22987"}],"version-history":[{"count":0,"href":"https:\/\/infovera.com.ar\/web\/wp-json\/wp\/v2\/posts\/22987\/revisions"}],"wp:featuredmedia":[{"embeddable":true,"href":"https:\/\/infovera.com.ar\/web\/wp-json\/wp\/v2\/media\/22990"}],"wp:attachment":[{"href":"https:\/\/infovera.com.ar\/web\/wp-json\/wp\/v2\/media?parent=22987"}],"wp:term":[{"taxonomy":"category","embeddable":true,"href":"https:\/\/infovera.com.ar\/web\/wp-json\/wp\/v2\/categories?post=22987"},{"taxonomy":"post_tag","embeddable":true,"href":"https:\/\/infovera.com.ar\/web\/wp-json\/wp\/v2\/tags?post=22987"}],"curies":[{"name":"wp","href":"https:\/\/api.w.org\/{rel}","templated":true}]}}