{"id":22919,"date":"2021-06-29T14:30:32","date_gmt":"2021-06-29T17:30:32","guid":{"rendered":"https:\/\/infovera.com.ar\/web\/?p=22919"},"modified":"2021-06-29T14:30:32","modified_gmt":"2021-06-29T17:30:32","slug":"nuevo-record-de-demanda-de-energia-en-invierno","status":"publish","type":"post","link":"https:\/\/infovera.com.ar\/web\/2021\/06\/29\/nuevo-record-de-demanda-de-energia-en-invierno\/","title":{"rendered":"Nuevo r\u00e9cord de demanda de energ\u00eda en invierno"},"content":{"rendered":"<p><strong>\u00a0Fue este lunes. La EPE abasteci\u00f3 41.524 Mwh en el territorio provincial.<\/strong><\/p>\n<p>El consumo el\u00e9ctrico en la provincia de Santa Fe marc\u00f3 este lunes un nuevo r\u00e9cord para una temporada de invierno al alcanzar los 41.524 MWh, seg\u00fan los n\u00fameros relevados por el Centro de Control Operativo de la Empresa Provincial de la Energ\u00eda (EPE).<\/p>\n<p>As\u00ed, se super\u00f3 el r\u00e9cord previo de demanda de energ\u00eda para un invierno, que fue de 38.586 MWh el 25 de julio de 2018.<\/p>\n<p>El Sistema Argentino de Distribuci\u00f3n tambi\u00e9n registr\u00f3 valores de abastecimiento hist\u00f3ricos, anotando 508.816 MWh de energ\u00eda y 25.913 MW de potencia.<\/p>\n<p>La potencia es la cantidad de energ\u00eda el\u00e9ctrica entregada o absorbida por un elemento en un momento determinado. Por su parte, la energ\u00eda es igual a la potencia requerida multiplicada por el tiempo y se mide en vatios por hora.<\/p>\n<p>La EPE recuerda las v\u00edas de comunicaci\u00f3n en las \u00e1reas t\u00e9cnicas Santa Fe y Rosario, para dejar reclamos t\u00e9cnicos: 0800 777 4444, mensajes de texto al 22215, luz espacio y el n\u00famero de usuario, a trav\u00e9s de la p\u00e1gina web\u00a0www.epe.santafe.gov.ar\/oficinavirtual, en la cuenta oficial de Facebook o trav\u00e9s de mensaje de Whatsapp al (342) 510-1000.<\/p>\n<p><strong>USO EFICIENTE<\/strong><\/p>\n<p>La EPE record\u00f3 la importancia del aporte de los usuarios en la eficiente utilizaci\u00f3n de los recursos energ\u00e9ticos, por lo que sugiere algunas pr\u00e1cticas a tener en cuenta, en este contexto de bajas temperaturas.<\/p>\n<p>Las sugerencias, son:<\/p>\n<p>&gt;&gt; Las estufas a cuarzo requieren mayor demanda de energ\u00eda para calefaccionar ambientes. Es importante evitar la simultaneidad de aparatos para no sobrecargar las instalaciones internas.<\/p>\n<p>&gt;&gt; Usar los equipos de aire acondicionado en modo calefacci\u00f3n a 21\u00b0.<\/p>\n<p>&gt;&gt; Reducir consumos ociosos de electricidad.<\/p>\n","protected":false},"excerpt":{"rendered":"<p>\u00a0Fue este lunes. La EPE abasteci\u00f3 41.524 Mwh en el territorio provincial. El consumo el\u00e9ctrico en la provincia de Santa Fe marc\u00f3 este lunes un nuevo r\u00e9cord para una temporada de invierno al alcanzar los 41.524 MWh, seg\u00fan los n\u00fameros relevados por el Centro de Control Operativo de la Empresa Provincial de la Energ\u00eda (EPE). [&hellip;]<\/p>\n","protected":false},"author":3,"featured_media":22921,"comment_status":"open","ping_status":"open","sticky":false,"template":"","format":"standard","meta":{"_joinchat":[],"footnotes":""},"categories":[60],"tags":[],"class_list":{"0":"post-22919","1":"post","2":"type-post","3":"status-publish","4":"format-standard","5":"has-post-thumbnail","7":"category-provinciales"},"_links":{"self":[{"href":"https:\/\/infovera.com.ar\/web\/wp-json\/wp\/v2\/posts\/22919","targetHints":{"allow":["GET"]}}],"collection":[{"href":"https:\/\/infovera.com.ar\/web\/wp-json\/wp\/v2\/posts"}],"about":[{"href":"https:\/\/infovera.com.ar\/web\/wp-json\/wp\/v2\/types\/post"}],"author":[{"embeddable":true,"href":"https:\/\/infovera.com.ar\/web\/wp-json\/wp\/v2\/users\/3"}],"replies":[{"embeddable":true,"href":"https:\/\/infovera.com.ar\/web\/wp-json\/wp\/v2\/comments?post=22919"}],"version-history":[{"count":0,"href":"https:\/\/infovera.com.ar\/web\/wp-json\/wp\/v2\/posts\/22919\/revisions"}],"wp:featuredmedia":[{"embeddable":true,"href":"https:\/\/infovera.com.ar\/web\/wp-json\/wp\/v2\/media\/22921"}],"wp:attachment":[{"href":"https:\/\/infovera.com.ar\/web\/wp-json\/wp\/v2\/media?parent=22919"}],"wp:term":[{"taxonomy":"category","embeddable":true,"href":"https:\/\/infovera.com.ar\/web\/wp-json\/wp\/v2\/categories?post=22919"},{"taxonomy":"post_tag","embeddable":true,"href":"https:\/\/infovera.com.ar\/web\/wp-json\/wp\/v2\/tags?post=22919"}],"curies":[{"name":"wp","href":"https:\/\/api.w.org\/{rel}","templated":true}]}}