{"id":22862,"date":"2021-06-28T18:37:32","date_gmt":"2021-06-28T21:37:32","guid":{"rendered":"https:\/\/infovera.com.ar\/web\/?p=22862"},"modified":"2021-06-28T18:37:32","modified_gmt":"2021-06-28T21:37:32","slug":"nuevos-allanamientos-derivados-del-caso-vicentin-investigan-el-origen-de-250-000-dolares","status":"publish","type":"post","link":"https:\/\/infovera.com.ar\/web\/2021\/06\/28\/nuevos-allanamientos-derivados-del-caso-vicentin-investigan-el-origen-de-250-000-dolares\/","title":{"rendered":"Nuevos allanamientos derivados del caso Vicentin: investigan el origen de 250.000 d\u00f3lares"},"content":{"rendered":"<p><strong>El dinero se secuestr\u00f3 meses atr\u00e1s de la caja de seguridad de un hijo del presidente del Directorio. Procedimientos en Santa Fe, Reconquista y Avellaneda.<\/strong><\/p>\n<p>Agentes judiciales irrumpieron este lunes en seis domicilios vinculados a Gast\u00f3n Scarel, hijo del presidente del Directorio de Vicentin. Los allanamientos se vinculan con fuertes sospechas de la Fiscal\u00eda respecto al origen de u$ s 250.000 hallados meses atr\u00e1s en una caja de seguridad de su propiedad. \u201cDetectamos maniobras tendientes a justificar el origen de algunos fondos\u201d, precisaron desde el Ministerio P\u00fablico de la Acusaci\u00f3n (MPA), que investiga a los responsables de la agroexportadora por presunta estafa.<\/p>\n<p>Aunque la atenci\u00f3n se centr\u00f3 siempre en la gigantesca convocatoria de acreedores, la crisis de Vicentin gener\u00f3 diversas causas judiciales. Una de ellas tramita en el fuero penal de Rosario y se relaciona con la denuncia por estafa iniciada por bancos extranjeor y productores. Este expediente, a cargo del titular de la Unidad de Delitos Econ\u00f3micos del MPA Miguel Moreno, viene produciendo una serie de pruebas que, a su vez, se ramifica en nuevas investigaciones.<\/p>\n<p>A principios de a\u00f1o, los agentes judiciales pidieron abrir las cajas de seguridad de familiares de directivos y accionistas de la compa\u00f1\u00eda. En ese marco se encontraron 250.000 d\u00f3lares en efectivo en la caja de seguridad de Gaston Scarel -hijo de Omar, quien fuera el hist\u00f3rico contador de Vicentin y desde 2020 funge como presidente del directorio-. Cuando los investigadores lo consultaron sobre el origen de los fondos, contest\u00f3 que ten\u00eda vinculaci\u00f3n con su actividad particular (es propietario de una agencia inmobiliaria en Reconquista). Sin embargo, su respuesta no convenci\u00f3 a los funcionarios judiciales.<\/p>\n<p>Este lunes, por pedido de la Fiscal\u00eda se realizaron seis allanamientos en domicilios vinculados a Scarel, en las ciudades de Reconquista, Avellaneda y Santa Fe. Seg\u00fan precisaron desde el MPA, se trata de procedimientos \u201cpara secuestro de documentaci\u00f3n que se analizar\u00e1 para una posible imputaci\u00f3n de integrantes del directorio\u201d.<\/p>\n<p>Funcionarios judiciales agregaron que ya se orden\u00f3 una segunda tanda de allanamientos. &#8220;Nuestra hip\u00f3tesis es que existieron maniobras tendientes a justificar el origen de los fondos, y por eso realizamos los allanamientos de hoy&#8221;, explicaron ante la consulta de este cronista por los procedimientos realizados este lunes.<\/p>\n<p>Gast\u00f3n Scarel fue una de las tantas personas incluida en el c\u00edrculo de personas investigadas tras la denuncia de bancos extranjeros y productores agropecuarios por presunta estafa, en el marco de la cesaci\u00f3n de pagos de Vicentin. Esta causa intenta dilucidar responsabilidades en un desfalco por 600 millones de d\u00f3lares, que oportunamente Moreno dijo que \u201cya estaba probado, solo quedan deslindar responsabilidades\u201d.<\/p>\n<p>El padre del titular de la caja de seguridad donde se encontraron los 250.000 d\u00f3lares se desempe\u00f1\u00f3 hist\u00f3ricamente como contador de Vicentin. En los balances previos al default firm\u00f3 como s\u00edndico de la sociedad y tras el recambio de directorio producido en el segundo semestre de 2020 qued\u00f3 erigido como presidente del directorio (cargo en el que fue confirmado la semana pasada, en el marco de una nueva asamblea de accionistas).<\/p>\n<p>Cuando se realiz\u00f3 el recambio de nombres en el Directorio, no fueron pocos los que hab\u00edan se\u00f1alado que se trataba de un mero \u201cmaquillaje\u201d, porque las decisiones segu\u00edan en manos de los hist\u00f3ricos referentes de la agroexportadora. Entre quienes objetaron la movida se encontraba el diputado provincial Luis Rubeo, presidente de la comisi\u00f3n de seguimiento del caso Vicentin en la Legislatura.<\/p>\n<p>Fuente: El Litoral<\/p>\n","protected":false},"excerpt":{"rendered":"<p>El dinero se secuestr\u00f3 meses atr\u00e1s de la caja de seguridad de un hijo del presidente del Directorio. Procedimientos en Santa Fe, Reconquista y Avellaneda. Agentes judiciales irrumpieron este lunes en seis domicilios vinculados a Gast\u00f3n Scarel, hijo del presidente del Directorio de Vicentin. Los allanamientos se vinculan con fuertes sospechas de la Fiscal\u00eda respecto [&hellip;]<\/p>\n","protected":false},"author":3,"featured_media":6649,"comment_status":"open","ping_status":"open","sticky":false,"template":"","format":"standard","meta":{"_joinchat":[],"footnotes":""},"categories":[55],"tags":[],"class_list":{"0":"post-22862","1":"post","2":"type-post","3":"status-publish","4":"format-standard","5":"has-post-thumbnail","7":"category-reconquista"},"_links":{"self":[{"href":"https:\/\/infovera.com.ar\/web\/wp-json\/wp\/v2\/posts\/22862","targetHints":{"allow":["GET"]}}],"collection":[{"href":"https:\/\/infovera.com.ar\/web\/wp-json\/wp\/v2\/posts"}],"about":[{"href":"https:\/\/infovera.com.ar\/web\/wp-json\/wp\/v2\/types\/post"}],"author":[{"embeddable":true,"href":"https:\/\/infovera.com.ar\/web\/wp-json\/wp\/v2\/users\/3"}],"replies":[{"embeddable":true,"href":"https:\/\/infovera.com.ar\/web\/wp-json\/wp\/v2\/comments?post=22862"}],"version-history":[{"count":0,"href":"https:\/\/infovera.com.ar\/web\/wp-json\/wp\/v2\/posts\/22862\/revisions"}],"wp:featuredmedia":[{"embeddable":true,"href":"https:\/\/infovera.com.ar\/web\/wp-json\/wp\/v2\/media\/6649"}],"wp:attachment":[{"href":"https:\/\/infovera.com.ar\/web\/wp-json\/wp\/v2\/media?parent=22862"}],"wp:term":[{"taxonomy":"category","embeddable":true,"href":"https:\/\/infovera.com.ar\/web\/wp-json\/wp\/v2\/categories?post=22862"},{"taxonomy":"post_tag","embeddable":true,"href":"https:\/\/infovera.com.ar\/web\/wp-json\/wp\/v2\/tags?post=22862"}],"curies":[{"name":"wp","href":"https:\/\/api.w.org\/{rel}","templated":true}]}}