{"id":22803,"date":"2021-06-25T20:11:58","date_gmt":"2021-06-25T23:11:58","guid":{"rendered":"https:\/\/infovera.com.ar\/web\/?p=22803"},"modified":"2021-06-25T20:11:58","modified_gmt":"2021-06-25T23:11:58","slug":"desde-el-lunes-vuelven-a-la-presencialidad-todas-las-escuelas-primarias-de-la-provincia","status":"publish","type":"post","link":"https:\/\/infovera.com.ar\/web\/2021\/06\/25\/desde-el-lunes-vuelven-a-la-presencialidad-todas-las-escuelas-primarias-de-la-provincia\/","title":{"rendered":"Desde el lunes vuelven a la presencialidad todas las escuelas primarias de la provincia"},"content":{"rendered":"<p>El nivel secundario tambi\u00e9n se incorpora al sistema de bimodalidad con alternancia, excluyendo a los departamentos que se encuentran en alarma epidemiol\u00f3gica. El nivel inicial contin\u00faa con el dictado de clases que hab\u00eda retomado en la semana.<\/p>\n<p>El ministerio de Educaci\u00f3n habilit\u00f3 la vuelta a la presencialidad en el nivel primario en toda la provincia. La educaci\u00f3n secundaria retoma la vuelta a las aulas en los departamentos de bajo riesgo y contagio epidemiol\u00f3gico con excepci\u00f3n de los departamentos La Capital y Rosario. Esta medida entra en vigencia a partir del lunes 28 de junio.<\/p>\n<p>Al d\u00eda de la fecha la evaluaci\u00f3n de los indicadores sanitarios en la provincia muestra una mejora sostenida. Son estos datos los que permitieron ampliar la recuperaci\u00f3n de presencialidad en los establecimientos educativos de trayectoria obligatoria.<\/p>\n<p>Respecto a los niveles y modalidades que permanecen en el formato de educaci\u00f3n en la distancia, continuar\u00e1n con los dispositivos de intervenci\u00f3n mantenidos hasta el momento.<\/p>\n","protected":false},"excerpt":{"rendered":"<p>El nivel secundario tambi\u00e9n se incorpora al sistema de bimodalidad con alternancia, excluyendo a los departamentos que se encuentran en alarma epidemiol\u00f3gica. El nivel inicial contin\u00faa con el dictado de clases que hab\u00eda retomado en la semana. El ministerio de Educaci\u00f3n habilit\u00f3 la vuelta a la presencialidad en el nivel primario en toda la provincia. [&hellip;]<\/p>\n","protected":false},"author":3,"featured_media":0,"comment_status":"open","ping_status":"open","sticky":false,"template":"","format":"standard","meta":{"_joinchat":[],"footnotes":""},"categories":[60],"tags":[],"class_list":{"0":"post-22803","1":"post","2":"type-post","3":"status-publish","4":"format-standard","6":"category-provinciales"},"_links":{"self":[{"href":"https:\/\/infovera.com.ar\/web\/wp-json\/wp\/v2\/posts\/22803","targetHints":{"allow":["GET"]}}],"collection":[{"href":"https:\/\/infovera.com.ar\/web\/wp-json\/wp\/v2\/posts"}],"about":[{"href":"https:\/\/infovera.com.ar\/web\/wp-json\/wp\/v2\/types\/post"}],"author":[{"embeddable":true,"href":"https:\/\/infovera.com.ar\/web\/wp-json\/wp\/v2\/users\/3"}],"replies":[{"embeddable":true,"href":"https:\/\/infovera.com.ar\/web\/wp-json\/wp\/v2\/comments?post=22803"}],"version-history":[{"count":0,"href":"https:\/\/infovera.com.ar\/web\/wp-json\/wp\/v2\/posts\/22803\/revisions"}],"wp:attachment":[{"href":"https:\/\/infovera.com.ar\/web\/wp-json\/wp\/v2\/media?parent=22803"}],"wp:term":[{"taxonomy":"category","embeddable":true,"href":"https:\/\/infovera.com.ar\/web\/wp-json\/wp\/v2\/categories?post=22803"},{"taxonomy":"post_tag","embeddable":true,"href":"https:\/\/infovera.com.ar\/web\/wp-json\/wp\/v2\/tags?post=22803"}],"curies":[{"name":"wp","href":"https:\/\/api.w.org\/{rel}","templated":true}]}}