{"id":22797,"date":"2021-06-25T19:26:19","date_gmt":"2021-06-25T22:26:19","guid":{"rendered":"https:\/\/infovera.com.ar\/web\/?p=22797"},"modified":"2021-06-26T18:29:05","modified_gmt":"2021-06-26T21:29:05","slug":"capacitacion-virtual-gratuita-en-vera","status":"publish","type":"post","link":"https:\/\/infovera.com.ar\/web\/2021\/06\/25\/capacitacion-virtual-gratuita-en-vera\/","title":{"rendered":"Capacitaci\u00f3n virtual gratuita en Vera"},"content":{"rendered":"<p><strong>CENTRO DE POL\u00cdTICA SOCIAL y DIRIGENCIAL<\/strong><\/p>\n<p>Capacitaci\u00f3n Virtual, para J\u00f3venes desde los 18 a\u00f1os y Adultos interesados, totalmente gratuito.<\/p>\n<p>La ciencia pol\u00edtica estudia, describe y analiza las teor\u00edas y las pr\u00e1cticas, los sistemas y comportamientos pol\u00edticos. As\u00ed tambi\u00e9n busca comprender la transferencia de poder en los procesos de decisiones pol\u00edticas y c\u00f3mo \u00e9stas transferencias se organizan p\u00fablica y socialmente. Adem\u00e1s de profundizar la participaci\u00f3n en los asuntos p\u00fablicos, tanto en las organizaciones no gubernamentales como en agrupaciones gremiales y partidos pol\u00edticos.<\/p>\n<p>Desde Sumemos Esfuerzos, se busca compartir algunas reflexiones y conceptos b\u00e1sicos de la ciencia pol\u00edtica, orientados a generar visiones cr\u00edticas sobre la experiencia pol\u00edtica cotidiana.<\/p>\n<p>Inscripciones a participar en:<\/p>\n<p><a href=\"https:\/\/docs.google.com\/forms\/d\/1uICAuYcupr4kfXbk9zJMrPmQZYrWm15GsL3pz720Xko\/edit\">https:\/\/docs.google.com\/forms\/d\/1uICAuYcupr4kfXbk9zJMrPmQZYrWm15GsL3pz720Xko\/edit<\/a><\/p>\n<p>COMIENZA: S\u00c1BADO 10 DE JULIO.<\/p>\n<p>El curso tiene una duraci\u00f3n de 6 encuentros. Un (1) encuentro a la semana.\u00a0 Los d\u00edas S\u00e1bados, durante la ma\u00f1ana. Se entregar\u00e1n certificados<\/p>\n","protected":false},"excerpt":{"rendered":"<p>CENTRO DE POL\u00cdTICA SOCIAL y DIRIGENCIAL Capacitaci\u00f3n Virtual, para J\u00f3venes desde los 18 a\u00f1os y Adultos interesados, totalmente gratuito. La ciencia pol\u00edtica estudia, describe y analiza las teor\u00edas y las pr\u00e1cticas, los sistemas y comportamientos pol\u00edticos. As\u00ed tambi\u00e9n busca comprender la transferencia de poder en los procesos de decisiones pol\u00edticas y c\u00f3mo \u00e9stas transferencias se [&hellip;]<\/p>\n","protected":false},"author":3,"featured_media":22801,"comment_status":"open","ping_status":"open","sticky":false,"template":"","format":"standard","meta":{"_joinchat":[],"footnotes":""},"categories":[53],"tags":[],"class_list":{"0":"post-22797","1":"post","2":"type-post","3":"status-publish","4":"format-standard","5":"has-post-thumbnail","7":"category-vera"},"_links":{"self":[{"href":"https:\/\/infovera.com.ar\/web\/wp-json\/wp\/v2\/posts\/22797","targetHints":{"allow":["GET"]}}],"collection":[{"href":"https:\/\/infovera.com.ar\/web\/wp-json\/wp\/v2\/posts"}],"about":[{"href":"https:\/\/infovera.com.ar\/web\/wp-json\/wp\/v2\/types\/post"}],"author":[{"embeddable":true,"href":"https:\/\/infovera.com.ar\/web\/wp-json\/wp\/v2\/users\/3"}],"replies":[{"embeddable":true,"href":"https:\/\/infovera.com.ar\/web\/wp-json\/wp\/v2\/comments?post=22797"}],"version-history":[{"count":0,"href":"https:\/\/infovera.com.ar\/web\/wp-json\/wp\/v2\/posts\/22797\/revisions"}],"wp:featuredmedia":[{"embeddable":true,"href":"https:\/\/infovera.com.ar\/web\/wp-json\/wp\/v2\/media\/22801"}],"wp:attachment":[{"href":"https:\/\/infovera.com.ar\/web\/wp-json\/wp\/v2\/media?parent=22797"}],"wp:term":[{"taxonomy":"category","embeddable":true,"href":"https:\/\/infovera.com.ar\/web\/wp-json\/wp\/v2\/categories?post=22797"},{"taxonomy":"post_tag","embeddable":true,"href":"https:\/\/infovera.com.ar\/web\/wp-json\/wp\/v2\/tags?post=22797"}],"curies":[{"name":"wp","href":"https:\/\/api.w.org\/{rel}","templated":true}]}}