{"id":22793,"date":"2021-06-25T18:00:22","date_gmt":"2021-06-25T21:00:22","guid":{"rendered":"https:\/\/infovera.com.ar\/web\/?p=22793"},"modified":"2021-06-27T16:05:24","modified_gmt":"2021-06-27T19:05:24","slug":"ogilvie-volvio-a-ser-noticia-por-la-ausencia-del-estado","status":"publish","type":"post","link":"https:\/\/infovera.com.ar\/web\/2021\/06\/25\/ogilvie-volvio-a-ser-noticia-por-la-ausencia-del-estado\/","title":{"rendered":"Ogilvie volvi\u00f3 a ser noticia por la ausencia del Estado"},"content":{"rendered":"<p><strong>Luego de que las paup\u00e9rrimas condiciones de transitabilidad y acceso al paraje se hicieran visibles por publicaciones de docentes que cumplen su tarea de ense\u00f1ar en aquel lugar,<\/strong> ahora la ausencia del Estado volvi\u00f3 a quedar en evidencia, otra vez por las quejas de maestras y asistentes escolares que hasta ahora no fueron escuchadas.<\/p>\n<p>Con varias fotos que graficaron la situaci\u00f3n imperante y no encuentra visos de soluci\u00f3n, una docente mostr\u00f3 en redes sociales lo que calific\u00f3 como una &#8220;boca de lobo&#8221;.<\/p>\n<p>Hizo referencia as\u00ed a que &#8220;es Ogilvie a las siete de la ma\u00f1ana en un d\u00eda de lluvia y tambi\u00e9n en un d\u00eda normal. Si observan con atenci\u00f3n, podr\u00e1n ver las figuras de las docentes y asistentes escolares rumbo a la escuela&#8221;.<\/p>\n<p>M\u00e1s adelante, pregunt\u00f3: &#8220;Qu\u00e9 t\u00edtulo le ponemos a esta imagen? Desprotecci\u00f3n, desidia, Estado ausente, promesas incumplidas&#8230;por un lado, tal vez. Por el otro: vocaci\u00f3n de servicio, lucha eterna para llegar en medio de la oscuridad y el barro, amor por la tarea&#8221;.<\/p>\n<p>&#8220;Esto es el norte santafesino. Esta es la imagen de cientos de hombres y mujeres que luchan a diario por la Educaci\u00f3n&#8221;, describi\u00f3.<\/p>\n","protected":false},"excerpt":{"rendered":"<p>Luego de que las paup\u00e9rrimas condiciones de transitabilidad y acceso al paraje se hicieran visibles por publicaciones de docentes que cumplen su tarea de ense\u00f1ar en aquel lugar, ahora la ausencia del Estado volvi\u00f3 a quedar en evidencia, otra vez por las quejas de maestras y asistentes escolares que hasta ahora no fueron escuchadas. Con [&hellip;]<\/p>\n","protected":false},"author":3,"featured_media":22795,"comment_status":"open","ping_status":"open","sticky":false,"template":"","format":"standard","meta":{"_joinchat":[],"footnotes":""},"categories":[53],"tags":[],"class_list":{"0":"post-22793","1":"post","2":"type-post","3":"status-publish","4":"format-standard","5":"has-post-thumbnail","7":"category-vera"},"_links":{"self":[{"href":"https:\/\/infovera.com.ar\/web\/wp-json\/wp\/v2\/posts\/22793","targetHints":{"allow":["GET"]}}],"collection":[{"href":"https:\/\/infovera.com.ar\/web\/wp-json\/wp\/v2\/posts"}],"about":[{"href":"https:\/\/infovera.com.ar\/web\/wp-json\/wp\/v2\/types\/post"}],"author":[{"embeddable":true,"href":"https:\/\/infovera.com.ar\/web\/wp-json\/wp\/v2\/users\/3"}],"replies":[{"embeddable":true,"href":"https:\/\/infovera.com.ar\/web\/wp-json\/wp\/v2\/comments?post=22793"}],"version-history":[{"count":0,"href":"https:\/\/infovera.com.ar\/web\/wp-json\/wp\/v2\/posts\/22793\/revisions"}],"wp:featuredmedia":[{"embeddable":true,"href":"https:\/\/infovera.com.ar\/web\/wp-json\/wp\/v2\/media\/22795"}],"wp:attachment":[{"href":"https:\/\/infovera.com.ar\/web\/wp-json\/wp\/v2\/media?parent=22793"}],"wp:term":[{"taxonomy":"category","embeddable":true,"href":"https:\/\/infovera.com.ar\/web\/wp-json\/wp\/v2\/categories?post=22793"},{"taxonomy":"post_tag","embeddable":true,"href":"https:\/\/infovera.com.ar\/web\/wp-json\/wp\/v2\/tags?post=22793"}],"curies":[{"name":"wp","href":"https:\/\/api.w.org\/{rel}","templated":true}]}}