{"id":22789,"date":"2021-06-25T18:49:38","date_gmt":"2021-06-25T21:49:38","guid":{"rendered":"https:\/\/infovera.com.ar\/web\/?p=22789"},"modified":"2021-06-25T18:49:38","modified_gmt":"2021-06-25T21:49:38","slug":"se-presentaron-5-ofertas-para-la-compra-del-mobiliario-para-equipar-el-nuevo-edificio-del-isp-n-4","status":"publish","type":"post","link":"https:\/\/infovera.com.ar\/web\/2021\/06\/25\/se-presentaron-5-ofertas-para-la-compra-del-mobiliario-para-equipar-el-nuevo-edificio-del-isp-n-4\/","title":{"rendered":"Se presentaron 5 ofertas para la compra del mobiliario para equipar el nuevo edificio del ISP N\u00b0 4"},"content":{"rendered":"<p><strong>El presupuesto oficial es de $ 24.032.300. En este establecimiento educativo, que lidera la educaci\u00f3n p\u00fablica del norte provincial, se dictan 14 carreras de profesorados y dos tecnicaturas.<\/strong><\/p>\n<p>El gobierno provincial abri\u00f3 los sobres con las ofertas econ\u00f3micas para la adquisici\u00f3n de mobiliario destinado a equipar el nuevo edificio del Instituto Superior de Profesorado N\u00b0 4 de Reconquista, que se encuentra en la etapa final de construcci\u00f3n y albergar\u00e1 a cerca de 3000 estudiantes y m\u00e1s de 200 trabajadores entre personal directivo, plantel docente, administrativos y asistentes escolares.<\/p>\n<p>La apertura de ofertas se realiz\u00f3 en la Sala Belgrano, del Centro C\u00edvico gubernamental y estuvieron presentes, el secretario de Educaci\u00f3n, V\u00edctor Debloc; la directora provincial de Infraestructura, Patricia Dorigo; equipos t\u00e9cnicos del Ministerio de Educaci\u00f3n y representantes de las empresas oferentes.<\/p>\n<p>Para referirse a la importancia de la licitaci\u00f3n, Debloc indic\u00f3 que \u201cconocimos las ofertas para la compra de equipamiento para dotar de condiciones favorables para el funcionamiento del nuevo edificio del instituto tanto para docentes, directivos y para la inmensa cantidad de estudiantes qu\u00e9 desarrollan el efectivo derecho de la educaci\u00f3n superior\u201d.<\/p>\n<p>\u201cEste proceso llevar\u00e1 unos 25 d\u00edas y y para fines del mes de julio podremos ir acondicionando este querido instituto tan importante para la educaci\u00f3n superior del norte santafesino\u201d, sostuvo el funcionario.<\/p>\n<p><strong>DETALLE DEL EQUIPAMIENTO<\/strong><\/p>\n<p>Con un presupuesto oficial de $ 24.032.300, la licitaci\u00f3n p\u00fablica N\u00ba 2 prev\u00e9 la adquisici\u00f3n de 1120 pupitres universitarios anti golpe; 3 archiveros dos cajones, 20 sillas apilables, 32 sillas t\u00e1ndem, 7 estantes organizador, 17 escritorio administrativos, 20 armarios madera, 34 conjuntos docentes, 17 sillas giratorias, 218 sillas apilables oficina, 288 sillas escolar, 49 mesas grupales, 11 armarios bajo, 24 estanter\u00edas biblioteca, 40 banquetas de laboratorio; y 300 sillas apilables. Los elementos est\u00e1n divididos en dos items.<\/p>\n<p>Cinco empresas presentaron ofertas, la primera correspondi\u00f3 a la firma Royal Door SRL, que cotiz\u00f3 por $19.887.907,80; la segunda a LM Amoblamientos SRL, por $19.174.070; la tercera de Ra\u00fal E. Monaco SA, por $18.756.200; la cuarta de Tamecas SRL, por $12.934.466; y la \u00faltima oferta correspondi\u00f3 a la firma Esperanza metal SRL, que cotiza \u00fanicamente el items 1, por $11.230.188.<\/p>\n<p><strong>LA OBRA<\/strong><\/p>\n<p>El Instituto Superior del Profesorado N\u00ba 4 &#8220;\u00c1ngel C\u00e1rcano&#8221; fue fundado en 1962 siendo el m\u00e1s antiguo en la provincia y en la actualidad se ejecut\u00f3 la obra de un nuevo edificio de 7000 metros cuadrados cubiertos y 1200 metros cuadrados de galer\u00edas.<\/p>\n<p>El proyecto, que se desenvuelve en tres vol\u00famenes principales vinculados a trav\u00e9s de galer\u00edas abiertas y cerradas, incluye 32 aulas entre el primero y segundo piso, un aula magna de 350 metros cuadrados y un gimnasio cubierto, entre otros espacios como biblioteca, laboratorio, taller multiprop\u00f3sito, aulas de inform\u00e1tica y salas multimedia.<\/p>\n<p>En este establecimiento educativo, que lidera la educaci\u00f3n p\u00fablica del norte provincial, se dictan 14 carreras de profesorados correspondientes a diversas \u00e1reas tem\u00e1ticas y dos tecnicaturas.<\/p>\n","protected":false},"excerpt":{"rendered":"<p>El presupuesto oficial es de $ 24.032.300. En este establecimiento educativo, que lidera la educaci\u00f3n p\u00fablica del norte provincial, se dictan 14 carreras de profesorados y dos tecnicaturas. El gobierno provincial abri\u00f3 los sobres con las ofertas econ\u00f3micas para la adquisici\u00f3n de mobiliario destinado a equipar el nuevo edificio del Instituto Superior de Profesorado N\u00b0 [&hellip;]<\/p>\n","protected":false},"author":3,"featured_media":22791,"comment_status":"open","ping_status":"open","sticky":false,"template":"","format":"standard","meta":{"_joinchat":[],"footnotes":""},"categories":[55],"tags":[],"class_list":{"0":"post-22789","1":"post","2":"type-post","3":"status-publish","4":"format-standard","5":"has-post-thumbnail","7":"category-reconquista"},"_links":{"self":[{"href":"https:\/\/infovera.com.ar\/web\/wp-json\/wp\/v2\/posts\/22789","targetHints":{"allow":["GET"]}}],"collection":[{"href":"https:\/\/infovera.com.ar\/web\/wp-json\/wp\/v2\/posts"}],"about":[{"href":"https:\/\/infovera.com.ar\/web\/wp-json\/wp\/v2\/types\/post"}],"author":[{"embeddable":true,"href":"https:\/\/infovera.com.ar\/web\/wp-json\/wp\/v2\/users\/3"}],"replies":[{"embeddable":true,"href":"https:\/\/infovera.com.ar\/web\/wp-json\/wp\/v2\/comments?post=22789"}],"version-history":[{"count":0,"href":"https:\/\/infovera.com.ar\/web\/wp-json\/wp\/v2\/posts\/22789\/revisions"}],"wp:featuredmedia":[{"embeddable":true,"href":"https:\/\/infovera.com.ar\/web\/wp-json\/wp\/v2\/media\/22791"}],"wp:attachment":[{"href":"https:\/\/infovera.com.ar\/web\/wp-json\/wp\/v2\/media?parent=22789"}],"wp:term":[{"taxonomy":"category","embeddable":true,"href":"https:\/\/infovera.com.ar\/web\/wp-json\/wp\/v2\/categories?post=22789"},{"taxonomy":"post_tag","embeddable":true,"href":"https:\/\/infovera.com.ar\/web\/wp-json\/wp\/v2\/tags?post=22789"}],"curies":[{"name":"wp","href":"https:\/\/api.w.org\/{rel}","templated":true}]}}