{"id":22776,"date":"2021-06-25T18:08:05","date_gmt":"2021-06-25T21:08:05","guid":{"rendered":"https:\/\/infovera.com.ar\/web\/?p=22776"},"modified":"2021-06-27T16:05:13","modified_gmt":"2021-06-27T19:05:13","slug":"dos-talleres-de-santa-fe-mas-se-dictaran-en-la-unidad-penal-10","status":"publish","type":"post","link":"https:\/\/infovera.com.ar\/web\/2021\/06\/25\/dos-talleres-de-santa-fe-mas-se-dictaran-en-la-unidad-penal-10\/","title":{"rendered":"Dos talleres del programa &#8220;Santa Fe M\u00e1s&#8221; se dictar\u00e1n en la Unidad Penal 10"},"content":{"rendered":"<p><strong>En el d\u00eda de la fecha, en la Unidad Penal 10 se firmaron fichas de inscripci\u00f3n para dos talleres de formaci\u00f3n laboral del programa provincial &#8220;Santa Fe M\u00e1s&#8221;.<\/strong><\/p>\n<p>Asismismo, se dio comienzo al expediente para un programa m\u00e1s de formaci\u00f3n en huerta.<\/p>\n<p>Dde la firma participaron junto al director de la Unidad, Adri\u00e1n Ortiz, Esteban Rold\u00e1n, Cecilia Saucedo y Mariela Villa, coordinadores del &#8220;Santa Fe M\u00e1s&#8221; en el centro norte; Ram\u00f3n R\u00edos, supervisor del \u00c1rea No Formal del Cecla; Liliana Minio, directora Cecla Vera; y los formadores Miguel y Javier Burgos.<\/p>\n","protected":false},"excerpt":{"rendered":"<p>En el d\u00eda de la fecha, en la Unidad Penal 10 se firmaron fichas de inscripci\u00f3n para dos talleres de formaci\u00f3n laboral del programa provincial &#8220;Santa Fe M\u00e1s&#8221;. Asismismo, se dio comienzo al expediente para un programa m\u00e1s de formaci\u00f3n en huerta. Dde la firma participaron junto al director de la Unidad, Adri\u00e1n Ortiz, Esteban [&hellip;]<\/p>\n","protected":false},"author":3,"featured_media":22781,"comment_status":"open","ping_status":"open","sticky":false,"template":"","format":"standard","meta":{"_joinchat":[],"footnotes":""},"categories":[53],"tags":[],"class_list":{"0":"post-22776","1":"post","2":"type-post","3":"status-publish","4":"format-standard","5":"has-post-thumbnail","7":"category-vera"},"_links":{"self":[{"href":"https:\/\/infovera.com.ar\/web\/wp-json\/wp\/v2\/posts\/22776","targetHints":{"allow":["GET"]}}],"collection":[{"href":"https:\/\/infovera.com.ar\/web\/wp-json\/wp\/v2\/posts"}],"about":[{"href":"https:\/\/infovera.com.ar\/web\/wp-json\/wp\/v2\/types\/post"}],"author":[{"embeddable":true,"href":"https:\/\/infovera.com.ar\/web\/wp-json\/wp\/v2\/users\/3"}],"replies":[{"embeddable":true,"href":"https:\/\/infovera.com.ar\/web\/wp-json\/wp\/v2\/comments?post=22776"}],"version-history":[{"count":0,"href":"https:\/\/infovera.com.ar\/web\/wp-json\/wp\/v2\/posts\/22776\/revisions"}],"wp:featuredmedia":[{"embeddable":true,"href":"https:\/\/infovera.com.ar\/web\/wp-json\/wp\/v2\/media\/22781"}],"wp:attachment":[{"href":"https:\/\/infovera.com.ar\/web\/wp-json\/wp\/v2\/media?parent=22776"}],"wp:term":[{"taxonomy":"category","embeddable":true,"href":"https:\/\/infovera.com.ar\/web\/wp-json\/wp\/v2\/categories?post=22776"},{"taxonomy":"post_tag","embeddable":true,"href":"https:\/\/infovera.com.ar\/web\/wp-json\/wp\/v2\/tags?post=22776"}],"curies":[{"name":"wp","href":"https:\/\/api.w.org\/{rel}","templated":true}]}}