{"id":22697,"date":"2021-06-24T17:00:14","date_gmt":"2021-06-24T20:00:14","guid":{"rendered":"https:\/\/infovera.com.ar\/web\/?p=22697"},"modified":"2021-06-24T20:43:23","modified_gmt":"2021-06-24T23:43:23","slug":"sosa-y-sus-pares-pidieron-por-el-puente-que-une-a-tres-departamentos","status":"publish","type":"post","link":"https:\/\/infovera.com.ar\/web\/2021\/06\/24\/sosa-y-sus-pares-pidieron-por-el-puente-que-une-a-tres-departamentos\/","title":{"rendered":"Sosa y sus pares pidieron por el puente que une a tres departamentos"},"content":{"rendered":"<p><strong>El senador por el departamento Vera, Osvaldo Sosa, acompa\u00f1ado por sus pares de los departamentos 9 de julio y San Crist\u00f3bal, R\u00e1ul Gramajo y Felipe Michlig<\/strong> respectivamente, presentaron un proyecto de Comunicaci\u00f3n por el cual la C\u00e1mara de Senadores de la Provincia de Santa Fe solicita al Poder Ejecutivo que a trav\u00e9s del Ministerio competente proceda a realizar las obras de reconstrucci\u00f3n y habilitaci\u00f3n plena del puente ubicado sobre la ruta provincial N\u00b0 13, que une los departamentos San Crist\u00f3bal, 9 de julio y Vera, ubicado aproximadamente a 60 km de la localidad de Huanqueros, ya que el mismo se encuentra con grietas y roturas completas en su estructura y que vuelve intransitable el cruce de veh\u00edculos y camiones.<\/p>\n<p>&nbsp;<\/p>\n<p>Al respecto, Sosa manifest\u00f3 que \u201cesta ruta es sumamente importante para el sector rural de los tres departamentos que conecta, ya que por la misma pasan principalmente los camiones de grano y ganado, por eso es imprescindible que se repare el puente ubicado en el sector interdepartamental de la misma\u201d.<\/p>\n<p>&nbsp;<\/p>\n<p>Asimismo, el Senador por Vera afirm\u00f3 que \u201chemos adjuntado muestras fotogr\u00e1ficas que evidencian el estado de destrucci\u00f3n y la imposibilidad de cruzar por el mismo. Cabe aclarar que su estructura ya se encontraba da\u00f1ada y en estos d\u00edas colaps\u00f3 por completo su estructura\u201d.<\/p>\n","protected":false},"excerpt":{"rendered":"<p>El senador por el departamento Vera, Osvaldo Sosa, acompa\u00f1ado por sus pares de los departamentos 9 de julio y San Crist\u00f3bal, R\u00e1ul Gramajo y Felipe Michlig respectivamente, presentaron un proyecto de Comunicaci\u00f3n por el cual la C\u00e1mara de Senadores de la Provincia de Santa Fe solicita al Poder Ejecutivo que a trav\u00e9s del Ministerio competente [&hellip;]<\/p>\n","protected":false},"author":3,"featured_media":0,"comment_status":"open","ping_status":"open","sticky":false,"template":"","format":"standard","meta":{"_joinchat":[],"footnotes":""},"categories":[53],"tags":[],"class_list":{"0":"post-22697","1":"post","2":"type-post","3":"status-publish","4":"format-standard","6":"category-vera"},"_links":{"self":[{"href":"https:\/\/infovera.com.ar\/web\/wp-json\/wp\/v2\/posts\/22697","targetHints":{"allow":["GET"]}}],"collection":[{"href":"https:\/\/infovera.com.ar\/web\/wp-json\/wp\/v2\/posts"}],"about":[{"href":"https:\/\/infovera.com.ar\/web\/wp-json\/wp\/v2\/types\/post"}],"author":[{"embeddable":true,"href":"https:\/\/infovera.com.ar\/web\/wp-json\/wp\/v2\/users\/3"}],"replies":[{"embeddable":true,"href":"https:\/\/infovera.com.ar\/web\/wp-json\/wp\/v2\/comments?post=22697"}],"version-history":[{"count":0,"href":"https:\/\/infovera.com.ar\/web\/wp-json\/wp\/v2\/posts\/22697\/revisions"}],"wp:attachment":[{"href":"https:\/\/infovera.com.ar\/web\/wp-json\/wp\/v2\/media?parent=22697"}],"wp:term":[{"taxonomy":"category","embeddable":true,"href":"https:\/\/infovera.com.ar\/web\/wp-json\/wp\/v2\/categories?post=22697"},{"taxonomy":"post_tag","embeddable":true,"href":"https:\/\/infovera.com.ar\/web\/wp-json\/wp\/v2\/tags?post=22697"}],"curies":[{"name":"wp","href":"https:\/\/api.w.org\/{rel}","templated":true}]}}