{"id":22644,"date":"2021-06-23T12:26:49","date_gmt":"2021-06-23T15:26:49","guid":{"rendered":"https:\/\/infovera.com.ar\/web\/?p=22644"},"modified":"2021-06-23T14:43:23","modified_gmt":"2021-06-23T17:43:23","slug":"vera-celebra-su-129-aniversario","status":"publish","type":"post","link":"https:\/\/infovera.com.ar\/web\/2021\/06\/23\/vera-celebra-su-129-aniversario\/","title":{"rendered":"Vera celebra su 129 aniversario"},"content":{"rendered":"<p><strong>El acto ofical se llevar\u00e1 a cabo a las 18. El municipio invit\u00f3 a los ciudadanos a seguirlo por Facebook. Tendr\u00e1 lugar en Gimnasia.<\/strong><\/p>\n<p>En 1892, el terrateniente del lugar Eugenio Alem\u00e1n, presenta los planos para la fundaci\u00f3n de un pueblo. El cual es aprobado por la gobernaci\u00f3n del Dr. Cafferatta con fecha 23 de junio de 1892.<\/p>\n<p>Al trazado original se le adhirieron terrenos donados por Luciano Leiva al sur y de Arronga al este. La localidad tuvo varios nombres: La Curva, Jobson, Jobson Vera, Gobernador Vera y finalmente Vera.<\/p>\n<p>La Comuna fue creada el 18 de enero de 1894 y el municipio el 24 de junio de 1954.<br \/>\nVera es un municipio del Dpto Vera.<\/p>\n<p>La ciudad es la cabecera de dicho departamento y dista 256 km al norte de la capital de la provincia, a 705 al norte de la Ciudad de Buenos Aires, sobre la RN 11, a la altura del km 722.<\/p>\n<p>&nbsp;<\/p>\n","protected":false},"excerpt":{"rendered":"<p>El acto ofical se llevar\u00e1 a cabo a las 18. El municipio invit\u00f3 a los ciudadanos a seguirlo por Facebook. Tendr\u00e1 lugar en Gimnasia. En 1892, el terrateniente del lugar Eugenio Alem\u00e1n, presenta los planos para la fundaci\u00f3n de un pueblo. El cual es aprobado por la gobernaci\u00f3n del Dr. Cafferatta con fecha 23 de [&hellip;]<\/p>\n","protected":false},"author":3,"featured_media":22646,"comment_status":"open","ping_status":"open","sticky":false,"template":"","format":"standard","meta":{"_joinchat":[],"footnotes":""},"categories":[53],"tags":[],"class_list":{"0":"post-22644","1":"post","2":"type-post","3":"status-publish","4":"format-standard","5":"has-post-thumbnail","7":"category-vera"},"_links":{"self":[{"href":"https:\/\/infovera.com.ar\/web\/wp-json\/wp\/v2\/posts\/22644","targetHints":{"allow":["GET"]}}],"collection":[{"href":"https:\/\/infovera.com.ar\/web\/wp-json\/wp\/v2\/posts"}],"about":[{"href":"https:\/\/infovera.com.ar\/web\/wp-json\/wp\/v2\/types\/post"}],"author":[{"embeddable":true,"href":"https:\/\/infovera.com.ar\/web\/wp-json\/wp\/v2\/users\/3"}],"replies":[{"embeddable":true,"href":"https:\/\/infovera.com.ar\/web\/wp-json\/wp\/v2\/comments?post=22644"}],"version-history":[{"count":0,"href":"https:\/\/infovera.com.ar\/web\/wp-json\/wp\/v2\/posts\/22644\/revisions"}],"wp:featuredmedia":[{"embeddable":true,"href":"https:\/\/infovera.com.ar\/web\/wp-json\/wp\/v2\/media\/22646"}],"wp:attachment":[{"href":"https:\/\/infovera.com.ar\/web\/wp-json\/wp\/v2\/media?parent=22644"}],"wp:term":[{"taxonomy":"category","embeddable":true,"href":"https:\/\/infovera.com.ar\/web\/wp-json\/wp\/v2\/categories?post=22644"},{"taxonomy":"post_tag","embeddable":true,"href":"https:\/\/infovera.com.ar\/web\/wp-json\/wp\/v2\/tags?post=22644"}],"curies":[{"name":"wp","href":"https:\/\/api.w.org\/{rel}","templated":true}]}}