{"id":22533,"date":"2021-06-21T12:00:31","date_gmt":"2021-06-21T15:00:31","guid":{"rendered":"https:\/\/infovera.com.ar\/web\/?p=22533"},"modified":"2021-06-22T17:29:55","modified_gmt":"2021-06-22T20:29:55","slug":"dos-aprehendidos-por-negarse-a-terminar-una-clande-y-agredir-a-la-policia-en-fortin-olmos","status":"publish","type":"post","link":"https:\/\/infovera.com.ar\/web\/2021\/06\/21\/dos-aprehendidos-por-negarse-a-terminar-una-clande-y-agredir-a-la-policia-en-fortin-olmos\/","title":{"rendered":"Dos aprehendidos por negarse a terminar una &#8220;clande&#8221; y agredir a la polic\u00eda en Fort\u00edn Olmos"},"content":{"rendered":"<p><strong>En fecha 19 junio 2021 personal policial de la Comisar\u00eda Tercera de Fort\u00edn Olmos, se <\/strong><strong>constituy\u00f3 en un domicilio de esa localidad donde se realizaba una fiesta, con m\u00fasica a alto volumen.<\/strong><\/p>\n<p>Motivo por lo que se entrevistan con el propietario del lugar haci\u00e9ndole saber sobre la violaci\u00f3n a los decretos nacional y provincial (Covid 19).<\/p>\n<p>Pero, el hombre hizo caso omiso a la petici\u00f3n de los funcionarios, quienes fueron agredidos con insultos y amenazas.<\/p>\n<p>Asimismo, con colaboraci\u00f3n del personal de la secci\u00f3n 22 de Los Pumas, los agentes policiales reiteraron la petici\u00f3n al morador sobre la infracci\u00f3n antes mencionada, pero nuevamente recibieron agresiones, y hasta les arrojaron elementos contundentes que tambi\u00e9n dieron en m\u00f3viles policiales.<\/p>\n<p>Los uniformados lograron disuadir y trasladar en calidad de aprehendidos a dos personas ambos mayores de edad.<\/p>\n<p>Interiorizado Fiscal en turno quien dispuso el traslado de ambos a la alcaid\u00eda de Vera.<\/p>\n","protected":false},"excerpt":{"rendered":"<p>En fecha 19 junio 2021 personal policial de la Comisar\u00eda Tercera de Fort\u00edn Olmos, se constituy\u00f3 en un domicilio de esa localidad donde se realizaba una fiesta, con m\u00fasica a alto volumen. Motivo por lo que se entrevistan con el propietario del lugar haci\u00e9ndole saber sobre la violaci\u00f3n a los decretos nacional y provincial (Covid [&hellip;]<\/p>\n","protected":false},"author":3,"featured_media":22537,"comment_status":"open","ping_status":"open","sticky":false,"template":"","format":"standard","meta":{"_joinchat":[],"footnotes":""},"categories":[51,30],"tags":[],"class_list":{"0":"post-22533","1":"post","2":"type-post","3":"status-publish","4":"format-standard","5":"has-post-thumbnail","7":"category-locales","8":"category-policiales"},"_links":{"self":[{"href":"https:\/\/infovera.com.ar\/web\/wp-json\/wp\/v2\/posts\/22533","targetHints":{"allow":["GET"]}}],"collection":[{"href":"https:\/\/infovera.com.ar\/web\/wp-json\/wp\/v2\/posts"}],"about":[{"href":"https:\/\/infovera.com.ar\/web\/wp-json\/wp\/v2\/types\/post"}],"author":[{"embeddable":true,"href":"https:\/\/infovera.com.ar\/web\/wp-json\/wp\/v2\/users\/3"}],"replies":[{"embeddable":true,"href":"https:\/\/infovera.com.ar\/web\/wp-json\/wp\/v2\/comments?post=22533"}],"version-history":[{"count":0,"href":"https:\/\/infovera.com.ar\/web\/wp-json\/wp\/v2\/posts\/22533\/revisions"}],"wp:featuredmedia":[{"embeddable":true,"href":"https:\/\/infovera.com.ar\/web\/wp-json\/wp\/v2\/media\/22537"}],"wp:attachment":[{"href":"https:\/\/infovera.com.ar\/web\/wp-json\/wp\/v2\/media?parent=22533"}],"wp:term":[{"taxonomy":"category","embeddable":true,"href":"https:\/\/infovera.com.ar\/web\/wp-json\/wp\/v2\/categories?post=22533"},{"taxonomy":"post_tag","embeddable":true,"href":"https:\/\/infovera.com.ar\/web\/wp-json\/wp\/v2\/tags?post=22533"}],"curies":[{"name":"wp","href":"https:\/\/api.w.org\/{rel}","templated":true}]}}