{"id":22506,"date":"2021-06-21T12:17:14","date_gmt":"2021-06-21T15:17:14","guid":{"rendered":"https:\/\/infovera.com.ar\/web\/?p=22506"},"modified":"2021-06-21T12:17:14","modified_gmt":"2021-06-21T15:17:14","slug":"notebook-recuperada-en-la-gallareta","status":"publish","type":"post","link":"https:\/\/infovera.com.ar\/web\/2021\/06\/21\/notebook-recuperada-en-la-gallareta\/","title":{"rendered":"Notebook recuperada en La Gallareta"},"content":{"rendered":"<p><strong>En la jornada de ayer, efectivos policiales de la Comisar\u00eda 5ta. de La Gallareta, realizaron una requisa domiciliaria en una propiedad ubicada en su jurisdicci\u00f3n, donde trasladaron preventivamente a un adolescente, como as\u00ed tambi\u00e9n recuperaron una notebook con su cargador sustra\u00edda previamente.<\/strong><\/p>\n<p>Como consecuencia de tareas investigativas llevadas a cabo por los agentes, y con los recaudos legales pertinentes, los actuantes arribaron hasta el lugar y realizaron el secuestro del artefacto electr\u00f3nico mencionado y el traslado.<\/p>\n<p>Conocidas las novedades, los funcionarios intervinientes comunicaron las mismas al \u00f3rgano legal competente.<\/p>\n","protected":false},"excerpt":{"rendered":"<p>En la jornada de ayer, efectivos policiales de la Comisar\u00eda 5ta. de La Gallareta, realizaron una requisa domiciliaria en una propiedad ubicada en su jurisdicci\u00f3n, donde trasladaron preventivamente a un adolescente, como as\u00ed tambi\u00e9n recuperaron una notebook con su cargador sustra\u00edda previamente. Como consecuencia de tareas investigativas llevadas a cabo por los agentes, y con [&hellip;]<\/p>\n","protected":false},"author":3,"featured_media":22509,"comment_status":"open","ping_status":"open","sticky":false,"template":"","format":"standard","meta":{"_joinchat":[],"footnotes":""},"categories":[51,30],"tags":[],"class_list":{"0":"post-22506","1":"post","2":"type-post","3":"status-publish","4":"format-standard","5":"has-post-thumbnail","7":"category-locales","8":"category-policiales"},"_links":{"self":[{"href":"https:\/\/infovera.com.ar\/web\/wp-json\/wp\/v2\/posts\/22506","targetHints":{"allow":["GET"]}}],"collection":[{"href":"https:\/\/infovera.com.ar\/web\/wp-json\/wp\/v2\/posts"}],"about":[{"href":"https:\/\/infovera.com.ar\/web\/wp-json\/wp\/v2\/types\/post"}],"author":[{"embeddable":true,"href":"https:\/\/infovera.com.ar\/web\/wp-json\/wp\/v2\/users\/3"}],"replies":[{"embeddable":true,"href":"https:\/\/infovera.com.ar\/web\/wp-json\/wp\/v2\/comments?post=22506"}],"version-history":[{"count":0,"href":"https:\/\/infovera.com.ar\/web\/wp-json\/wp\/v2\/posts\/22506\/revisions"}],"wp:featuredmedia":[{"embeddable":true,"href":"https:\/\/infovera.com.ar\/web\/wp-json\/wp\/v2\/media\/22509"}],"wp:attachment":[{"href":"https:\/\/infovera.com.ar\/web\/wp-json\/wp\/v2\/media?parent=22506"}],"wp:term":[{"taxonomy":"category","embeddable":true,"href":"https:\/\/infovera.com.ar\/web\/wp-json\/wp\/v2\/categories?post=22506"},{"taxonomy":"post_tag","embeddable":true,"href":"https:\/\/infovera.com.ar\/web\/wp-json\/wp\/v2\/tags?post=22506"}],"curies":[{"name":"wp","href":"https:\/\/api.w.org\/{rel}","templated":true}]}}