{"id":22363,"date":"2021-06-17T08:58:22","date_gmt":"2021-06-17T11:58:22","guid":{"rendered":"https:\/\/infovera.com.ar\/web\/?p=22363"},"modified":"2021-06-18T09:54:00","modified_gmt":"2021-06-18T12:54:00","slug":"un-perro-de-la-policia-le-detecto-que-llevaba-cocaina-y-fue-detenida-en-la-terminal-de-reconquista","status":"publish","type":"post","link":"https:\/\/infovera.com.ar\/web\/2021\/06\/17\/un-perro-de-la-policia-le-detecto-que-llevaba-cocaina-y-fue-detenida-en-la-terminal-de-reconquista\/","title":{"rendered":"Precisiones respecto a las escuelas que vuelven a la presencialidad"},"content":{"rendered":"<p><strong>La medida alcanza a cerca de 30.000 ni\u00f1as y ni\u00f1os de 404 establecimientos educativos de los niveles inicial y primario.<\/strong><\/p>\n<p>El Ministerio de Educaci\u00f3n brind\u00f3 nuevas precisiones respecto a la habilitaci\u00f3n para regresar al sistema de presencialidad con alternancia educativa en 253 localidades y <strong>parajes que tienen baja densidad demogr\u00e1fica y que no han superado los diez contagios en los \u00faltimos 14 d\u00edas.\u00a0<\/strong><\/p>\n<p><strong>La medida que se dispuso alcanza a 404 establecimientos educativos de los niveles inicial y primario e involucra a 29.893 ni\u00f1as y ni\u00f1os santafesinos.<\/strong><\/p>\n<p>En relaci\u00f3n a la incorporaci\u00f3n de nuevas localizaciones que se habilitan para la presencialidad, Cantero precis\u00f3 que \u201cson parajes y peque\u00f1as comunidades que encuadran en el criterio que implementamos el fin de semana, es decir aquellas localidades donde los contagios de los \u00faltimos 14 d\u00edas acumulados no exhiben una cifra mayor de 10 y entonces analizando con la direcci\u00f3n de epidemiolog\u00eda y los datos que tiene ministerio de salud hemos incorporarlo en 107 localidades m\u00e1s que encuadran precisamente en esta definici\u00f3n\u201d.<\/p>\n<p>En ese contexto, la ministra resalt\u00f3 que \u201cnosotros seguimos monitoreando el d\u00eda a d\u00eda, el semana a semana y tenemos la expectativa de recuperar lo antes posible nuestra presencialidad cuidada de modo que si las santafesinas y los santafesinos seguimos cuid\u00e1ndonos\u00a0\u00a0lograremos de alguna manera que los indicadores sanitarios en la provincia est\u00e9n mejor, y a partir de ese dato iremos recuperando esa presencialidad que todos queremos\u201d.<\/p>\n<p>En referencia a modificaciones en el calendario escolar, Adriana Cantero aclar\u00f3 que \u201cnosotros no dijimos extender el ciclo lectivo. Nosotros estamos evaluando, si la vacunaci\u00f3n masiva nos da un mejor contexto en el segundo semestre, el fortalecimiento de los cursados fundamentalmente en los grupos prioritarios para afianzar las trayectorias escolares. Para ello estamos trabajando fuertemente con el plan Acompa\u00f1ar que financia Naci\u00f3n y con el propio Acompa\u00f1ar que tiene la provincia y su l\u00ednea.<\/p>\n<p>&#8220;Todos las chicas y los chicos en la escuela aprendiendo,\u00a0\u00a0y lo har\u00edamos con una propuesta innovadora tal cual hicimos con Verano Activo, donde salimos a buscar a las y los alumnos que hab\u00edan fragilizado sus trayectorias en el ciclo lectivo 2020 y donde en el mes de enero estuvimos trabajando en 562 sedes en todo el territorio de nuestra provincia\u201d, expres\u00f3.<\/p>\n<p>Asimismo, la titular de Educaci\u00f3n manifest\u00f3 que en los protocolos aprobados para el ciclo 2021 en el Consejo Federal de Educaci\u00f3n ampliado con la presencia de los gremios docentes con representaci\u00f3n nacional se hab\u00eda estipulado \u201cpresencialidad con bimodalidad y alternancia pero tambi\u00e9n con la flexibilidad suficiente de poder ir cerrando los dispositivos escolares si las curvas epidemiol\u00f3gicas as\u00ed lo exig\u00edan y del mismo modo poder recuperar r\u00e1pidamente presencialidad ni bien mejor en esos indicadores\u201d.<\/p>\n<p>En eses marco, la ministra Cantero aclar\u00f3 que \u201cla intermitencia forma parte de ese formato escolar nuevo para un tiempo in\u00e9dito como el que estamos viviendo. Un tiempo absolutamente diferente donde la emergencia sanitaria condiciona todas las regularidades de la vida cotidiana y tambi\u00e9n la de las escuelas\u201d.<\/p>\n","protected":false},"excerpt":{"rendered":"<p>La medida alcanza a cerca de 30.000 ni\u00f1as y ni\u00f1os de 404 establecimientos educativos de los niveles inicial y primario. El Ministerio de Educaci\u00f3n brind\u00f3 nuevas precisiones respecto a la habilitaci\u00f3n para regresar al sistema de presencialidad con alternancia educativa en 253 localidades y parajes que tienen baja densidad demogr\u00e1fica y que no han superado [&hellip;]<\/p>\n","protected":false},"author":3,"featured_media":22374,"comment_status":"open","ping_status":"open","sticky":false,"template":"","format":"standard","meta":{"_joinchat":[],"footnotes":""},"categories":[60],"tags":[],"class_list":{"0":"post-22363","1":"post","2":"type-post","3":"status-publish","4":"format-standard","5":"has-post-thumbnail","7":"category-provinciales"},"_links":{"self":[{"href":"https:\/\/infovera.com.ar\/web\/wp-json\/wp\/v2\/posts\/22363","targetHints":{"allow":["GET"]}}],"collection":[{"href":"https:\/\/infovera.com.ar\/web\/wp-json\/wp\/v2\/posts"}],"about":[{"href":"https:\/\/infovera.com.ar\/web\/wp-json\/wp\/v2\/types\/post"}],"author":[{"embeddable":true,"href":"https:\/\/infovera.com.ar\/web\/wp-json\/wp\/v2\/users\/3"}],"replies":[{"embeddable":true,"href":"https:\/\/infovera.com.ar\/web\/wp-json\/wp\/v2\/comments?post=22363"}],"version-history":[{"count":0,"href":"https:\/\/infovera.com.ar\/web\/wp-json\/wp\/v2\/posts\/22363\/revisions"}],"wp:featuredmedia":[{"embeddable":true,"href":"https:\/\/infovera.com.ar\/web\/wp-json\/wp\/v2\/media\/22374"}],"wp:attachment":[{"href":"https:\/\/infovera.com.ar\/web\/wp-json\/wp\/v2\/media?parent=22363"}],"wp:term":[{"taxonomy":"category","embeddable":true,"href":"https:\/\/infovera.com.ar\/web\/wp-json\/wp\/v2\/categories?post=22363"},{"taxonomy":"post_tag","embeddable":true,"href":"https:\/\/infovera.com.ar\/web\/wp-json\/wp\/v2\/tags?post=22363"}],"curies":[{"name":"wp","href":"https:\/\/api.w.org\/{rel}","templated":true}]}}