{"id":22225,"date":"2021-06-14T20:44:20","date_gmt":"2021-06-14T23:44:20","guid":{"rendered":"https:\/\/infovera.com.ar\/web\/?p=22225"},"modified":"2021-06-14T20:44:20","modified_gmt":"2021-06-14T23:44:20","slug":"rechazo-gremial-a-cualquier-intento-de-modificar-condiciones-del-trabajo-docente","status":"publish","type":"post","link":"https:\/\/infovera.com.ar\/web\/2021\/06\/14\/rechazo-gremial-a-cualquier-intento-de-modificar-condiciones-del-trabajo-docente\/","title":{"rendered":"Rechazo gremial a cualquier intento de modificar condiciones del trabajo docente"},"content":{"rendered":"<p><strong>Ante la circulaci\u00f3n en distintos medios de comunicaci\u00f3n de dichos de la Ministra de Educaci\u00f3n sobre &#8220;clases los s\u00e1bados y feriados, AMSAFE rechaz\u00f3 cualquier &#8220;intento de modificar condiciones de trabajo de las y los docentes&#8221;.<\/strong><\/p>\n<p>El gremio docente record\u00f3 que &#8220;cmo lo se\u00f1alamos muchas veces #SeguimosEducando, nunca dejamos de hacerlo. Las y los docentes trabajamos durante toda la pandemia con gran esfuerzo&#8221;.<\/p>\n<p>En un contexto donde el gobierno debe garantizar las condiciones de trabajo y la conectividad, fuimos las y los docentes quienes aportamos materiales, netbook, conectividad y celulares, consign\u00f3 el sindicato y pidi\u00f3 &#8220;responsabilidad de parte de las autoridades y reconocimiento de la inmensa tarea realizada por las y los educadores en contexto de pandemia. Repartimos los m\u00f3dulos alimentarios, materiales, realizamos tareas virtuales y presenciales. Las Escuelas est\u00e1n abiertas, las y los docentes estamos trabajando&#8221;.<\/p>\n<p>&#8220;Seguimos Educando, porque nuestro compromiso es con las ni\u00f1as, los ni\u00f1os y j\u00f3venes&#8221;, concluy\u00f3 el comunicado emitido por la Comisi\u00f3n Directiva Provincial.<\/p>\n","protected":false},"excerpt":{"rendered":"<p>Ante la circulaci\u00f3n en distintos medios de comunicaci\u00f3n de dichos de la Ministra de Educaci\u00f3n sobre &#8220;clases los s\u00e1bados y feriados, AMSAFE rechaz\u00f3 cualquier &#8220;intento de modificar condiciones de trabajo de las y los docentes&#8221;. El gremio docente record\u00f3 que &#8220;cmo lo se\u00f1alamos muchas veces #SeguimosEducando, nunca dejamos de hacerlo. Las y los docentes trabajamos [&hellip;]<\/p>\n","protected":false},"author":3,"featured_media":22228,"comment_status":"open","ping_status":"open","sticky":false,"template":"","format":"standard","meta":{"_joinchat":[],"footnotes":""},"categories":[1],"tags":[],"class_list":{"0":"post-22225","1":"post","2":"type-post","3":"status-publish","4":"format-standard","5":"has-post-thumbnail","7":"category-sin-categoria"},"_links":{"self":[{"href":"https:\/\/infovera.com.ar\/web\/wp-json\/wp\/v2\/posts\/22225","targetHints":{"allow":["GET"]}}],"collection":[{"href":"https:\/\/infovera.com.ar\/web\/wp-json\/wp\/v2\/posts"}],"about":[{"href":"https:\/\/infovera.com.ar\/web\/wp-json\/wp\/v2\/types\/post"}],"author":[{"embeddable":true,"href":"https:\/\/infovera.com.ar\/web\/wp-json\/wp\/v2\/users\/3"}],"replies":[{"embeddable":true,"href":"https:\/\/infovera.com.ar\/web\/wp-json\/wp\/v2\/comments?post=22225"}],"version-history":[{"count":0,"href":"https:\/\/infovera.com.ar\/web\/wp-json\/wp\/v2\/posts\/22225\/revisions"}],"wp:featuredmedia":[{"embeddable":true,"href":"https:\/\/infovera.com.ar\/web\/wp-json\/wp\/v2\/media\/22228"}],"wp:attachment":[{"href":"https:\/\/infovera.com.ar\/web\/wp-json\/wp\/v2\/media?parent=22225"}],"wp:term":[{"taxonomy":"category","embeddable":true,"href":"https:\/\/infovera.com.ar\/web\/wp-json\/wp\/v2\/categories?post=22225"},{"taxonomy":"post_tag","embeddable":true,"href":"https:\/\/infovera.com.ar\/web\/wp-json\/wp\/v2\/tags?post=22225"}],"curies":[{"name":"wp","href":"https:\/\/api.w.org\/{rel}","templated":true}]}}