{"id":22163,"date":"2021-06-13T12:00:30","date_gmt":"2021-06-13T15:00:30","guid":{"rendered":"https:\/\/infovera.com.ar\/web\/?p=22163"},"modified":"2021-06-13T12:07:46","modified_gmt":"2021-06-13T15:07:46","slug":"imputaron-con-prision-preventiva-a-quienes-protagonizaron-la-violenta-toma-de-tierras-en-el-loteo-belen","status":"publish","type":"post","link":"https:\/\/infovera.com.ar\/web\/2021\/06\/13\/imputaron-con-prision-preventiva-a-quienes-protagonizaron-la-violenta-toma-de-tierras-en-el-loteo-belen\/","title":{"rendered":"Imputaron con prisi\u00f3n preventiva a quienes protagonizaron la violenta toma de tierras en el Loteo Bel\u00e9n"},"content":{"rendered":"<p><strong>El tr\u00e1mite judicial se realiz\u00f3 a partir de las investigaciones llevadas a cabo por el fiscal Leandro Mai, de la Unidad Fiscal Reconquista, que tiene como antecedentes los hechos ocurridos el d\u00eda 10 de junio a partir de las 13 horas, en calle 47 entre sus similares pasaje 74 y calle 76, denominado Loteo Bel\u00e9n de la ciudad de Reconquista.<\/strong><\/p>\n<p>Los hechos que desembocaron en la imputaci\u00f3n se desarrollaron en fecha 10 de junio en un inmueble de propiedad del Se\u00f1or HLC, en donde un grupo de personas intent\u00f3 usurpar el predio, lo que fue interrumpido por la labor de los agentes policiales y del personal municipal que trabajo en territorio para resolver el conflicto.<\/p>\n<p>Luego, cuando el personal municipal se aprestaba a utilizar la maquinaria Municipal para evitar se reitere el intento de usurpaci\u00f3n , los imputado BPA, de 21 a\u00f1os de edad, SSM, de 27 a\u00f1os de edad y ARE de 20 a\u00f1os de edad, conjuntamente con otras personas que no fueron identificadas, procedieron a atacar al personal policial actuante que se encontraba en el lugar cumpliendo funcione , dispar\u00e1ndoles con armas de fuego de fabricaci\u00f3n casera (tumbera), arroj\u00e1ndoles toda clase de elementos contundentes con los cuales le provocaron lesiones a los 13 agentes policiales, adem\u00e1s de da\u00f1ar 5 m\u00f3viles policiales que se encontraban en el lugar ocasionando la rotura de vidrios de las ventanillas, parabrisas y abolladuras en distintos lugares. Tambi\u00e9n se produjeron da\u00f1os en la maquinaria de la Municipalidad de Reconquista.<\/p>\n<p><strong>Calificaci\u00f3n legal<\/strong><\/p>\n<p>Los imputados se les atribuyeron los delitos de portaci\u00f3n de arma de guerra en concurso ideal con abuso de arma de fuego, atentado agravado contra la autoridad por ser a mano armada, por poner manos en la autoridad y por ser cometido por una reuni\u00f3n de m\u00e1s de tres personas y da\u00f1o calificado por haber sido cometido a los fines de impedir el libre ejercicio de la autoridad o en venganza de sus determinaciones (arts. 45, 54, 104, 184 inc. 1, 189 bis inc. 2 y 238 inc. 1,2 y 4 del CP) cuya pena es de 3 a\u00f1os y 6 meses de m\u00ednima y 8 a\u00f1os y 6 meses de m\u00e1xima.<\/p>\n<p><strong>Medidas cautelares<\/strong><\/p>\n<p>En audiencia celebrada por ante la jueza Caudia Bress\u00e1n se dispuso la prisi\u00f3n preventiva por cuarenta y cinco (45) d\u00edas del imputado BPL, mientras que para SSM se impuso el mismo plazo pero bajo la modalidad domiciliaria , en raz\u00f3n de tratarse de una madre de un beb\u00e9 de pocos meses de edad. En relaci\u00f3n a ARZ la audiencia de medidas cautelares (prisi\u00f3n preventiva) se realizar\u00e1 el pr\u00f3ximo lunes 14 junio, a las 10.<\/p>\n<p>El fiscal actuante consider\u00f3 que &#8220;en raz\u00f3n de la existencia de un delito en concurso de ejecuci\u00f3n que seguir\u00eda latente, cuya matriz es un reclamo social, la Unidad Fiscal Reconquistasolicit\u00f3 la participaci\u00f3n de grupos interdisciplinarios especializados, pertenecientes tanto al primer nivel (gobierno local) como a la agencias provinciales con competencia espec\u00edfica en la tem\u00e1tica, que cuenten con la presencia de mediadores, negociadores o facilitadores que act\u00faen profesionalmente para que procuren una soluci\u00f3n pac\u00edfica al conflicto.<\/p>\n<p>Foto: Reconquista Cultura Revista Digital<\/p>\n","protected":false},"excerpt":{"rendered":"<p>El tr\u00e1mite judicial se realiz\u00f3 a partir de las investigaciones llevadas a cabo por el fiscal Leandro Mai, de la Unidad Fiscal Reconquista, que tiene como antecedentes los hechos ocurridos el d\u00eda 10 de junio a partir de las 13 horas, en calle 47 entre sus similares pasaje 74 y calle 76, denominado Loteo Bel\u00e9n [&hellip;]<\/p>\n","protected":false},"author":3,"featured_media":22165,"comment_status":"open","ping_status":"open","sticky":false,"template":"","format":"standard","meta":{"_joinchat":[],"footnotes":""},"categories":[55],"tags":[],"class_list":{"0":"post-22163","1":"post","2":"type-post","3":"status-publish","4":"format-standard","5":"has-post-thumbnail","7":"category-reconquista"},"_links":{"self":[{"href":"https:\/\/infovera.com.ar\/web\/wp-json\/wp\/v2\/posts\/22163","targetHints":{"allow":["GET"]}}],"collection":[{"href":"https:\/\/infovera.com.ar\/web\/wp-json\/wp\/v2\/posts"}],"about":[{"href":"https:\/\/infovera.com.ar\/web\/wp-json\/wp\/v2\/types\/post"}],"author":[{"embeddable":true,"href":"https:\/\/infovera.com.ar\/web\/wp-json\/wp\/v2\/users\/3"}],"replies":[{"embeddable":true,"href":"https:\/\/infovera.com.ar\/web\/wp-json\/wp\/v2\/comments?post=22163"}],"version-history":[{"count":0,"href":"https:\/\/infovera.com.ar\/web\/wp-json\/wp\/v2\/posts\/22163\/revisions"}],"wp:featuredmedia":[{"embeddable":true,"href":"https:\/\/infovera.com.ar\/web\/wp-json\/wp\/v2\/media\/22165"}],"wp:attachment":[{"href":"https:\/\/infovera.com.ar\/web\/wp-json\/wp\/v2\/media?parent=22163"}],"wp:term":[{"taxonomy":"category","embeddable":true,"href":"https:\/\/infovera.com.ar\/web\/wp-json\/wp\/v2\/categories?post=22163"},{"taxonomy":"post_tag","embeddable":true,"href":"https:\/\/infovera.com.ar\/web\/wp-json\/wp\/v2\/tags?post=22163"}],"curies":[{"name":"wp","href":"https:\/\/api.w.org\/{rel}","templated":true}]}}