{"id":22048,"date":"2021-06-10T17:46:55","date_gmt":"2021-06-10T20:46:55","guid":{"rendered":"https:\/\/infovera.com.ar\/web\/?p=22048"},"modified":"2021-06-10T17:46:55","modified_gmt":"2021-06-10T20:46:55","slug":"vacunacion-vip-renuncio-el-vicepresidente-de-la-epe","status":"publish","type":"post","link":"https:\/\/infovera.com.ar\/web\/2021\/06\/10\/vacunacion-vip-renuncio-el-vicepresidente-de-la-epe\/","title":{"rendered":"Vacunaci\u00f3n vip: renunci\u00f3 el vicepresidente de la EPE"},"content":{"rendered":"<p><strong>Joaqu\u00edn fue vacunado el 2 de febrero y un mes despu\u00e9s recibi\u00f3 la segunda dosis.<\/strong><\/p>\n<p>El vicepresidente de la Empresa Provincial de la Energ\u00eda, Albero Joaqu\u00edn, present\u00f3 este jueves su renuncia al cargo tras quedar involucrado en un caso de \u201cvacunaci\u00f3n vip\u201d en el hospital provincial \u201cEva Per\u00f3n\u201d de Granadero Baigorria.<\/p>\n<p>Si bien su dimisi\u00f3n al cargo a\u00fan no fue aceptada oficialmente, la misma tiene el car\u00e1cter de \u201cindeclinable\u201d.<\/p>\n<p>El esc\u00e1ndalo por un supuesto vacunatorio vip en ese hospital comenz\u00f3 a tomar volumen pol\u00edtico, y tuvo sus derivaciones en la provincia. Este mi\u00e9rcoles, el Jefe interino de Enfermer\u00eda del nosocomio, Ariel P\u00e9rez, sorprendi\u00f3 al hacer p\u00fablica la denuncia sobre un hecho que, en rigor, ocurri\u00f3 meses atr\u00e1s. Se trata de la colocaci\u00f3n de vacunas contra covid a personal no esencial, que recibi\u00f3 la primera dosis entre enero y febrero, cuando la prioridad era inocular a los trabajadores y profesionales de la salud.<\/p>\n<p>La supuesta irregularidad motiv\u00f3 una presentaci\u00f3n del denunciante ante el Ministerio de Salud el 21 de mayo. Seg\u00fan trascendi\u00f3, entre los favorecidos por la primera y segunda dosis se encontraban familiares del director del Hospital, dirigentes sindicales y funcionarios. Un empresario nombrado en la lista que se filtr\u00f3 \u2013 Rub\u00e9n Balestrini- desminti\u00f3 haber sido vacunado.<\/p>\n<p>En cambio, Alberto Joaqu\u00edn, vice presidente de la Empresa Provincial de la Energ\u00eda, lo confirm\u00f3 a trav\u00e9s de un descargo que escribi\u00f3 de pu\u00f1o y letra.<\/p>\n<p>Seg\u00fan las pruebas facilitadas por el denunciante, Joaqu\u00edn fue vacunado el 2 de febrero con la primera dosis y tambi\u00e9n con la segunda, apenas un mes despu\u00e9s. Por entonces, a\u00fan esperaban recibir su vacuna muchos trabajadores de la Salud, que hab\u00edan constituido el primer grupo objetivo a ser inoculados. Reci\u00e9n el 22 de febrero, la provincia comenzaba con la vacunaci\u00f3n en geri\u00e1tricos y habilitaba el registro de inscripci\u00f3n para el resto de la poblaci\u00f3n; y el 1\u00b0 de marzo, la iniciaba con los mayores de 90.<\/p>\n<p>Joaqu\u00edn ten\u00eda al momento de vacunarse 77 a\u00f1os. Y pese a ser vice presidente de la EPE, qued\u00f3 anotado en el registro de vacunados como &#8220;personal de salud&#8221;. La revelaci\u00f3n gener\u00f3 profundo malestar en la EPE, sobre todo en los operarios que pese a estar expuestos por su trabajo en las cuadrillas, a\u00fan esperan su correspondiente dosis. En lo que va de la pandemia, cuatro trabajadores de la empresa fallecieron por covid, y en mayo eran 163 los aislados<\/p>\n<p>&nbsp;<\/p>\n","protected":false},"excerpt":{"rendered":"<p>Joaqu\u00edn fue vacunado el 2 de febrero y un mes despu\u00e9s recibi\u00f3 la segunda dosis. El vicepresidente de la Empresa Provincial de la Energ\u00eda, Albero Joaqu\u00edn, present\u00f3 este jueves su renuncia al cargo tras quedar involucrado en un caso de \u201cvacunaci\u00f3n vip\u201d en el hospital provincial \u201cEva Per\u00f3n\u201d de Granadero Baigorria. Si bien su dimisi\u00f3n [&hellip;]<\/p>\n","protected":false},"author":3,"featured_media":22050,"comment_status":"open","ping_status":"open","sticky":false,"template":"","format":"standard","meta":{"_joinchat":[],"footnotes":""},"categories":[1],"tags":[],"class_list":{"0":"post-22048","1":"post","2":"type-post","3":"status-publish","4":"format-standard","5":"has-post-thumbnail","7":"category-sin-categoria"},"_links":{"self":[{"href":"https:\/\/infovera.com.ar\/web\/wp-json\/wp\/v2\/posts\/22048","targetHints":{"allow":["GET"]}}],"collection":[{"href":"https:\/\/infovera.com.ar\/web\/wp-json\/wp\/v2\/posts"}],"about":[{"href":"https:\/\/infovera.com.ar\/web\/wp-json\/wp\/v2\/types\/post"}],"author":[{"embeddable":true,"href":"https:\/\/infovera.com.ar\/web\/wp-json\/wp\/v2\/users\/3"}],"replies":[{"embeddable":true,"href":"https:\/\/infovera.com.ar\/web\/wp-json\/wp\/v2\/comments?post=22048"}],"version-history":[{"count":0,"href":"https:\/\/infovera.com.ar\/web\/wp-json\/wp\/v2\/posts\/22048\/revisions"}],"wp:featuredmedia":[{"embeddable":true,"href":"https:\/\/infovera.com.ar\/web\/wp-json\/wp\/v2\/media\/22050"}],"wp:attachment":[{"href":"https:\/\/infovera.com.ar\/web\/wp-json\/wp\/v2\/media?parent=22048"}],"wp:term":[{"taxonomy":"category","embeddable":true,"href":"https:\/\/infovera.com.ar\/web\/wp-json\/wp\/v2\/categories?post=22048"},{"taxonomy":"post_tag","embeddable":true,"href":"https:\/\/infovera.com.ar\/web\/wp-json\/wp\/v2\/tags?post=22048"}],"curies":[{"name":"wp","href":"https:\/\/api.w.org\/{rel}","templated":true}]}}