{"id":22043,"date":"2021-06-09T22:49:22","date_gmt":"2021-06-10T01:49:22","guid":{"rendered":"https:\/\/infovera.com.ar\/web\/?p=22043"},"modified":"2021-06-10T11:51:43","modified_gmt":"2021-06-10T14:51:43","slug":"se-reportaron-194-casos-positivos-en-y-cinco-muertes-en-general-obligado","status":"publish","type":"post","link":"https:\/\/infovera.com.ar\/web\/2021\/06\/09\/se-reportaron-194-casos-positivos-en-y-cinco-muertes-en-general-obligado\/","title":{"rendered":"Se reportaron 194 casos positivos en\u00a0y cinco muertes en General Obligado"},"content":{"rendered":"<p><strong>La Regi\u00f3n de Salud Reconquista inform\u00f3 a la poblaci\u00f3n que este mi\u00e9rcoles 9 de junio se reportaron 194 casos de Covid-19 positivo: <\/strong><\/p>\n<p>1 Florencia; 13 Villa Guillermina; 3 El Rab\u00f3n; 10 Las Toscas; 1 San Antonio de Obligado; 14 Villa Ocampo; 2 Villa Ana; 2 El Sombrerito; 1 Guadalupe Norte; 51 Avellaneda; 69 Reconquista; 1 El Araz\u00e1; 1 Berna; 9 Malabrigo; 5 Romang; 11 Alejandra.<\/p>\n<p>Total de casos activos en la regi\u00f3n: 1838 (1729 cumpliendo aislamientos domiciliario obligatorio con\u00a0 vigilancia epidemiol\u00f3gica, 109 internados).<\/p>\n<p><strong>Fallecidos<\/strong><\/p>\n<p>Se informa el fallecimiento de cinco personas con diagn\u00f3stico positivo de coronavirus (2019-nCoV).<\/p>\n<p>&#8211; 1 paciente (66 a\u00f1os) con residencia en Reconquista.<br \/>\n&#8211; 1 paciente (56 a\u00f1os) con residencia en Reconquista<br \/>\n&#8211; 1 paciente (47 a\u00f1os) con residencia en Nicanor Molinas.<br \/>\n&#8211; 1 paciente (51 a\u00f1os) con residencia en Avellaneda.<br \/>\n&#8211; 1 paciente (57 a\u00f1os) con residencia en Avellaneda.<\/p>\n","protected":false},"excerpt":{"rendered":"<p>La Regi\u00f3n de Salud Reconquista inform\u00f3 a la poblaci\u00f3n que este mi\u00e9rcoles 9 de junio se reportaron 194 casos de Covid-19 positivo: 1 Florencia; 13 Villa Guillermina; 3 El Rab\u00f3n; 10 Las Toscas; 1 San Antonio de Obligado; 14 Villa Ocampo; 2 Villa Ana; 2 El Sombrerito; 1 Guadalupe Norte; 51 Avellaneda; 69 Reconquista; 1 [&hellip;]<\/p>\n","protected":false},"author":3,"featured_media":0,"comment_status":"open","ping_status":"open","sticky":false,"template":"","format":"standard","meta":{"_joinchat":[],"footnotes":""},"categories":[55],"tags":[],"class_list":{"0":"post-22043","1":"post","2":"type-post","3":"status-publish","4":"format-standard","6":"category-reconquista"},"_links":{"self":[{"href":"https:\/\/infovera.com.ar\/web\/wp-json\/wp\/v2\/posts\/22043","targetHints":{"allow":["GET"]}}],"collection":[{"href":"https:\/\/infovera.com.ar\/web\/wp-json\/wp\/v2\/posts"}],"about":[{"href":"https:\/\/infovera.com.ar\/web\/wp-json\/wp\/v2\/types\/post"}],"author":[{"embeddable":true,"href":"https:\/\/infovera.com.ar\/web\/wp-json\/wp\/v2\/users\/3"}],"replies":[{"embeddable":true,"href":"https:\/\/infovera.com.ar\/web\/wp-json\/wp\/v2\/comments?post=22043"}],"version-history":[{"count":0,"href":"https:\/\/infovera.com.ar\/web\/wp-json\/wp\/v2\/posts\/22043\/revisions"}],"wp:attachment":[{"href":"https:\/\/infovera.com.ar\/web\/wp-json\/wp\/v2\/media?parent=22043"}],"wp:term":[{"taxonomy":"category","embeddable":true,"href":"https:\/\/infovera.com.ar\/web\/wp-json\/wp\/v2\/categories?post=22043"},{"taxonomy":"post_tag","embeddable":true,"href":"https:\/\/infovera.com.ar\/web\/wp-json\/wp\/v2\/tags?post=22043"}],"curies":[{"name":"wp","href":"https:\/\/api.w.org\/{rel}","templated":true}]}}