{"id":22029,"date":"2021-06-10T08:12:20","date_gmt":"2021-06-10T11:12:20","guid":{"rendered":"https:\/\/infovera.com.ar\/web\/?p=22029"},"modified":"2021-06-10T22:03:13","modified_gmt":"2021-06-11T01:03:13","slug":"aprobaron-un-pedido-para-solucionar-el-problema-de-falta-de-medidores-electricos","status":"publish","type":"post","link":"https:\/\/infovera.com.ar\/web\/2021\/06\/10\/aprobaron-un-pedido-para-solucionar-el-problema-de-falta-de-medidores-electricos\/","title":{"rendered":"Aprobaron un pedido para solucionar el problema de falta de medidores el\u00e9ctricos"},"content":{"rendered":"<p><strong>En la sesi\u00f3n semanal, el Concejo aprob\u00f3, entre otros temas, un proyecto del Bloque Sumemos Esfuerzos.<\/strong><\/p>\n<p>Fue aprobado por unanimidad y elevado al Ejecutivo para su gesti\u00f3n el Proyecto de Comunicaci\u00f3n de los ediles Javier Barbona y Eliana Tedini solicitando al Ejecutivo que realice las gestiones pertinentes ante la EPE para dar soluci\u00f3n al requerimiento presentado por varias familias de la comunidad, quienes solicitan imperiosamente la conexi\u00f3n al servicio el\u00e9ctrico para uso domiciliario.<\/p>\n<p>Por otra parte, tambi\u00e9n recibi\u00f3 aprobaci\u00f3n el Proyecto de Comunicaci\u00f3n de &#8220;Sumemos Esfuerzos solicitando al Ejecutivo Municipal la apertura de calle en la manzana 28 de secci\u00f3n Quintas, la misma es continuidad de calle Sarmiento y se encuentra ubicada entre las calles Rafael Mudry y Alderete Mendez.<\/p>\n<p><strong>OTROS TEMAS TRATADOS<\/strong><\/p>\n<p>\u202223 y 24 de Junio Asueto Administrativo y Bancario. Decreto Municipal 45\/2021<\/p>\n<p>\u2022Convicatoria de Proyectos para el Desarrollo Arm\u00f3nico con Equilibrio Territorial. Instituto Movilizador de Fondos Cooperativos.<\/p>\n<p>\u2022Resolucion del Concejo de Malabrigo solicitando al Ejecutivo Nacional la revisi\u00f3n de la medida de cerrar las exportaciones de carne por 30 d\u00edas.<\/p>\n<p>\u2022Reposici\u00f3n de columnas de alumbrado p\u00fablico en calles Alvear y Moreno. Alvear y Belgrano. Nota enviada por un vecino a la cual se agrega el pedido de vecinos de calle Col\u00f3n entre Lezama y Saavedra por el mismo tema.<\/p>\n<p>\u2022Construcci\u00f3n de vivienda lote propuesto por la municipalidad. Proyecto de Ordenanza enviado por el Ejecutivo (Pas\u00f3 a comisi\u00f3n para su tratamiento)<\/p>\n<p>\u2022Reglamento general para uso de la v\u00eda p\u00fablica y dem\u00e1s espacios de dominio p\u00fablico. Proyecto de Ordenanza presentado por el Ejecutivo. (Pas\u00f3 a comisi\u00f3n para su tratamiento)<\/p>\n","protected":false},"excerpt":{"rendered":"<p>En la sesi\u00f3n semanal, el Concejo aprob\u00f3, entre otros temas, un proyecto del Bloque Sumemos Esfuerzos. Fue aprobado por unanimidad y elevado al Ejecutivo para su gesti\u00f3n el Proyecto de Comunicaci\u00f3n de los ediles Javier Barbona y Eliana Tedini solicitando al Ejecutivo que realice las gestiones pertinentes ante la EPE para dar soluci\u00f3n al requerimiento [&hellip;]<\/p>\n","protected":false},"author":3,"featured_media":22031,"comment_status":"open","ping_status":"open","sticky":false,"template":"","format":"standard","meta":{"_joinchat":[],"footnotes":""},"categories":[53],"tags":[],"class_list":{"0":"post-22029","1":"post","2":"type-post","3":"status-publish","4":"format-standard","5":"has-post-thumbnail","7":"category-vera"},"_links":{"self":[{"href":"https:\/\/infovera.com.ar\/web\/wp-json\/wp\/v2\/posts\/22029","targetHints":{"allow":["GET"]}}],"collection":[{"href":"https:\/\/infovera.com.ar\/web\/wp-json\/wp\/v2\/posts"}],"about":[{"href":"https:\/\/infovera.com.ar\/web\/wp-json\/wp\/v2\/types\/post"}],"author":[{"embeddable":true,"href":"https:\/\/infovera.com.ar\/web\/wp-json\/wp\/v2\/users\/3"}],"replies":[{"embeddable":true,"href":"https:\/\/infovera.com.ar\/web\/wp-json\/wp\/v2\/comments?post=22029"}],"version-history":[{"count":0,"href":"https:\/\/infovera.com.ar\/web\/wp-json\/wp\/v2\/posts\/22029\/revisions"}],"wp:featuredmedia":[{"embeddable":true,"href":"https:\/\/infovera.com.ar\/web\/wp-json\/wp\/v2\/media\/22031"}],"wp:attachment":[{"href":"https:\/\/infovera.com.ar\/web\/wp-json\/wp\/v2\/media?parent=22029"}],"wp:term":[{"taxonomy":"category","embeddable":true,"href":"https:\/\/infovera.com.ar\/web\/wp-json\/wp\/v2\/categories?post=22029"},{"taxonomy":"post_tag","embeddable":true,"href":"https:\/\/infovera.com.ar\/web\/wp-json\/wp\/v2\/tags?post=22029"}],"curies":[{"name":"wp","href":"https:\/\/api.w.org\/{rel}","templated":true}]}}