{"id":21909,"date":"2021-06-07T18:13:46","date_gmt":"2021-06-07T21:13:46","guid":{"rendered":"https:\/\/infovera.com.ar\/web\/?p=21909"},"modified":"2021-06-07T18:14:10","modified_gmt":"2021-06-07T21:14:10","slug":"la-caja-de-jubilaciones-y-pensiones-detallo-los-alcances-del-convenio-firmado-con-anses","status":"publish","type":"post","link":"https:\/\/infovera.com.ar\/web\/2021\/06\/07\/la-caja-de-jubilaciones-y-pensiones-detallo-los-alcances-del-convenio-firmado-con-anses\/","title":{"rendered":"La Caja de Jubilaciones y Pensiones detall\u00f3 los alcances del convenio firmado con Anses"},"content":{"rendered":"<p><strong>El director de la Caja, Humberto Giobergia, encabez\u00f3 el segundo encuentro de la Comisi\u00f3n Asesora Previsional, que integran representantes de las organizaciones sindicales.<\/strong><\/p>\n<p>El director de la Caja de Jubilaciones y Pensiones de la provincia de Santa Fe, Humberto Giobergia, encabez\u00f3 el segundo encuentro de la Comisi\u00f3n Asesora Previsional, para detallarles los alcances del convenio que firmaron el gobierno provincial y la Anses, por el financiamiento del d\u00e9ficit de la Caja.<\/p>\n<p>Al respecto, Giobergia inform\u00f3 c\u00f3mo funciona el proceso de financiamiento del d\u00e9ficit, y explic\u00f3 el trabajo de intercambio y validaci\u00f3n de informaci\u00f3n que se llev\u00f3 a cabo entre el organismo provincial y el nacional. Adem\u00e1s, realiz\u00f3 una rese\u00f1a hist\u00f3rica sobre la evoluci\u00f3n del d\u00e9ficit a trav\u00e9s de los a\u00f1os, y la nueva forma de c\u00e1lculo que implementa Anses, en la cual ya no se exige como requisito la armonizaci\u00f3n de los sistemas, sino que el organismo nacional calcula la cuant\u00eda del financiamiento en funci\u00f3n de una simulaci\u00f3n; es decir, en base a los datos aportados por la provincia, la Anses recalcula los haberes de los pasivos provinciales como si fueran beneficiarios de su sistema.<\/p>\n<p>Finalizado el encuentro, Giobergia destac\u00f3 que \u201cel extenso y productivo intercambio de opiniones y posturas, result\u00f3 en el esclarecimiento de las dudas sobre el acuerdo firmado\u201d.<\/p>\n<p>La Comisi\u00f3n Asesora Previsional funciona dentro del \u00e1mbito de la Caja de Jubilaciones y Pensiones; y esta conformada por un representante por los activos y uno por los pasivos de cada una de las organizaciones sindicales que tienen como afiliados a aportantes y beneficiarios de la Caja.<\/p>\n<p>De la reuni\u00f3n virtual participaron, adem\u00e1s del director de la Caja, Mabel Alconchel y Carolina Challiol representando a UPCN; Sergio Tirelli y Belkis Vila en representaci\u00f3n de ATE; Sergio Bruschini y Adriana Monteverde por AMSAFE; Juan Pablo Langella y Jorge Perlo en representaci\u00f3n del Sindicato de Trabajadores Judiciales; Carlos Fiaccabrino representando al Sindicato Luz y Fuerza; Victor Rimini y Lu\u00eds S\u00e1nchez representando la Asociaci\u00f3n del Personal Legislativo; Margarita Kilibarda en representaci\u00f3n de La Bancaria; Andr\u00e9s Egea por el Sindicato de Trabajadores Viales; y Fernando Giampietro y Horacio Chiappero representando a FESTRAM.<\/p>\n","protected":false},"excerpt":{"rendered":"<p>El director de la Caja, Humberto Giobergia, encabez\u00f3 el segundo encuentro de la Comisi\u00f3n Asesora Previsional, que integran representantes de las organizaciones sindicales. El director de la Caja de Jubilaciones y Pensiones de la provincia de Santa Fe, Humberto Giobergia, encabez\u00f3 el segundo encuentro de la Comisi\u00f3n Asesora Previsional, para detallarles los alcances del convenio [&hellip;]<\/p>\n","protected":false},"author":3,"featured_media":21911,"comment_status":"open","ping_status":"open","sticky":false,"template":"","format":"standard","meta":{"_joinchat":[],"footnotes":""},"categories":[60],"tags":[],"class_list":{"0":"post-21909","1":"post","2":"type-post","3":"status-publish","4":"format-standard","5":"has-post-thumbnail","7":"category-provinciales"},"_links":{"self":[{"href":"https:\/\/infovera.com.ar\/web\/wp-json\/wp\/v2\/posts\/21909","targetHints":{"allow":["GET"]}}],"collection":[{"href":"https:\/\/infovera.com.ar\/web\/wp-json\/wp\/v2\/posts"}],"about":[{"href":"https:\/\/infovera.com.ar\/web\/wp-json\/wp\/v2\/types\/post"}],"author":[{"embeddable":true,"href":"https:\/\/infovera.com.ar\/web\/wp-json\/wp\/v2\/users\/3"}],"replies":[{"embeddable":true,"href":"https:\/\/infovera.com.ar\/web\/wp-json\/wp\/v2\/comments?post=21909"}],"version-history":[{"count":0,"href":"https:\/\/infovera.com.ar\/web\/wp-json\/wp\/v2\/posts\/21909\/revisions"}],"wp:featuredmedia":[{"embeddable":true,"href":"https:\/\/infovera.com.ar\/web\/wp-json\/wp\/v2\/media\/21911"}],"wp:attachment":[{"href":"https:\/\/infovera.com.ar\/web\/wp-json\/wp\/v2\/media?parent=21909"}],"wp:term":[{"taxonomy":"category","embeddable":true,"href":"https:\/\/infovera.com.ar\/web\/wp-json\/wp\/v2\/categories?post=21909"},{"taxonomy":"post_tag","embeddable":true,"href":"https:\/\/infovera.com.ar\/web\/wp-json\/wp\/v2\/tags?post=21909"}],"curies":[{"name":"wp","href":"https:\/\/api.w.org\/{rel}","templated":true}]}}