{"id":21760,"date":"2021-06-04T18:07:52","date_gmt":"2021-06-04T21:07:52","guid":{"rendered":"https:\/\/infovera.com.ar\/web\/?p=21760"},"modified":"2021-06-05T18:56:26","modified_gmt":"2021-06-05T21:56:26","slug":"condenaron-a-20-anos-de-prision-a-franco-villalba","status":"publish","type":"post","link":"https:\/\/infovera.com.ar\/web\/2021\/06\/04\/condenaron-a-20-anos-de-prision-a-franco-villalba\/","title":{"rendered":"Condenaron a 20 a\u00f1os de prisi\u00f3n a Franco Villalba"},"content":{"rendered":"<p><strong>Franco Villalba firm\u00f3 una condena alcanzada en juicio abreviado. La figura penal atribuida fue la de homicidio agravado por alevos\u00eda. El crimen sangriento ocurri\u00f3 en julio de 2019 en Calchaqu\u00ed. <\/strong><\/p>\n<p>El joven de Calchaqu\u00ed fue condenado en la jornada del viernes a 20 a\u00f1os de prisi\u00f3n efectiva por el tribunal integrado por los jueces Gustavo Gon, Norma Senn y Claudia Bress\u00e1n, que homolog\u00f3 un acuerdo entre partes. De esta manera, Franco Villalba recibi\u00f3 la condena por el sangriento homicidio de su padrastro, Miguel \u00c1ngel Matiazzi, de 68 a\u00f1os, ocurrido en un vivero situado en el kil\u00f3metro 680\/100 de la Ruta 11, al norte de Calchaqu\u00ed, el 1 de julio de 2019.<\/p>\n<p>La querella que represent\u00f3 a los familiares de la v\u00edctima estuvo compuesta por los abogados Gabriel Baucero y Ariel Willambi, en tanto que al autor material del crimen lo represent\u00f3 un defensor oficial. El fiscal Nicol\u00e1s Maglier y los querellantes se opusieron al pedido de la defensa de reducir a 12 a\u00f1os la pena a imponer a Villalba.<\/p>\n<p>El juicio oral contra el homicida hab\u00eda sido suspendido a principios de mayo sin fecha de reprogramaci\u00f3n concreta por pedido del defensor p\u00fablico asignado a Villalba, luego de que el encartado resolviera dr\u00e1sticamente revocar el poder al estudio jur\u00eddico que lo representaba 48 horas antes del comienzo del proceso que iba a juzgarlo.<\/p>\n<p>A ra\u00edz de esa intempestiva medida adoptada por Villalba, la Defensa P\u00fablica pas\u00f3 a hacerse cargo de sus intereses, aunque lo exiguo del tiempo para preparar la estrategia defensiva motiv\u00f3 que el defensor asignado solicitara un per\u00edodo prudencial de pr\u00f3rroga.<\/p>\n<p>En aquel momento, Villalba hab\u00eda mostrado su conformidad por una condena de 20 a\u00f1os de prisi\u00f3n efectiva, pero luego se arrepinti\u00f3 y retrotrajo su voluntad para inclinarse por ir a juicio ordinario. Un mes despu\u00e9s, finalmente, estamp\u00f3 su firma en el abreviado.<\/p>\n<p><strong>Cuello, t\u00f3rax y abdomen <\/strong><\/p>\n<p>Villalba fue imputado a los pocos d\u00edas del asesinato. En esa oportunidad, el fiscal Leandro Benegas le endilg\u00f3 que aproximadamente a las 12.20 del 1\u00ba de julio del 2019, entre las 9 y las 11 horas, lleg\u00f3 hasta el vivero ubicado sobre la Ruta 11, propiedad de Miguel \u00c1ngel Mattiazzi, y con la \u201cutilizaci\u00f3n de un cuchillo de unos 15 cent\u00edmetros de hoja que hab\u00eda tomado de la casa de su suegra le asest\u00f3 40 pu\u00f1aladas en zonas de \u00f3rganos y arterias vitales, las que le provocaron la muerte en forma inmediata\u201d.<\/p>\n<p>Por lo tanto, lo acus\u00f3 formalmente de \u201cser el autor material del hecho relatado y la figura penal que corresponde es la de homicidio agravado por alevos\u00eda, por cuanto usted usando el cuchillo le propin\u00f3 40 pu\u00f1aladas a Mattiazzi, ocasion\u00e1ndole momentos despu\u00e9s la muerte\u201d.<\/p>\n<p>Y detall\u00f3 que un m\u00e9dico policial constat\u00f3 la muerte del sexagenario por \u201cm\u00faltiples heridas cortantes producidas con un arma blanca en la zona del cuello, t\u00f3rax y abdomen\u201d, determinando que la hora de la muerte era de 4 a 6 horas desde el momento de la pericia del galeno que se realiz\u00f3 cerca de las 14.30.<\/p>\n<p><strong>Llamado <\/strong><\/p>\n<p>En aquella audiencia imputativa, Benegas revel\u00f3 que a las 21.25 del d\u00eda del hecho, la polic\u00eda recibi\u00f3 un llamado, en este caso de una mujer, suegra de Villalba, diciendo que \u201chab\u00eda encontrado restos de sangre en las zapatillas de su yerno\u201d y que \u201cle faltaba un cuchillo de unos 15 cent\u00edmetros de hoja cabo color blanco\u201d.<\/p>\n<p>A ra\u00edz de pericias realizadas sobre las zapatillas por el equipo de la PDI en base a luminol y reactivos qu\u00edmicos se pudo determinar que exist\u00eda \u201cconsiderable cantidad de sangre y que la misma era de origen humano. Posteriormente, con la utilizaci\u00f3n de los mismos elementos se pudo determinar que en el lavatorio del ba\u00f1o, la jabonera y otros sectores de la casa hab\u00eda manchas de sangre humana\u201d, asegur\u00f3.<\/p>\n<p>Sobre ese punto, el fiscal hizo constar que, seg\u00fan los dichos de la pareja de Villalba, \u00e9ste \u201cse ba\u00f1\u00f3 con agua fr\u00eda porque no andaba el calef\u00f3n aproximadamente entre las 11 y las 12 horas, a pesar del intenso fr\u00edo del d\u00eda\u201d.<\/p>\n<p>En aquella oportunidad, el fiscal agreg\u00f3 que tambi\u00e9n personal de Criminal\u00edstica de la PDI realiz\u00f3 trabajos con la utilizaci\u00f3n de luminol y reactivos qu\u00edmicos en el lugar de los hechos (el vivero) pudiendo determinarse que \u201cexist\u00edan rastros, muestras o gotas de sangre desde el invernadero donde se produjo la muerte de Mattiazzi hasta una casilla donde se encontraba una de las hijas de la v\u00edctima, de corta edad, que estaba \u201cjugando con el celular de su padre\u201d.<\/p>\n","protected":false},"excerpt":{"rendered":"<p>Franco Villalba firm\u00f3 una condena alcanzada en juicio abreviado. La figura penal atribuida fue la de homicidio agravado por alevos\u00eda. El crimen sangriento ocurri\u00f3 en julio de 2019 en Calchaqu\u00ed. El joven de Calchaqu\u00ed fue condenado en la jornada del viernes a 20 a\u00f1os de prisi\u00f3n efectiva por el tribunal integrado por los jueces Gustavo [&hellip;]<\/p>\n","protected":false},"author":3,"featured_media":20184,"comment_status":"open","ping_status":"open","sticky":false,"template":"","format":"standard","meta":{"_joinchat":[],"footnotes":""},"categories":[52],"tags":[],"class_list":{"0":"post-21760","1":"post","2":"type-post","3":"status-publish","4":"format-standard","5":"has-post-thumbnail","7":"category-calchaqui"},"_links":{"self":[{"href":"https:\/\/infovera.com.ar\/web\/wp-json\/wp\/v2\/posts\/21760","targetHints":{"allow":["GET"]}}],"collection":[{"href":"https:\/\/infovera.com.ar\/web\/wp-json\/wp\/v2\/posts"}],"about":[{"href":"https:\/\/infovera.com.ar\/web\/wp-json\/wp\/v2\/types\/post"}],"author":[{"embeddable":true,"href":"https:\/\/infovera.com.ar\/web\/wp-json\/wp\/v2\/users\/3"}],"replies":[{"embeddable":true,"href":"https:\/\/infovera.com.ar\/web\/wp-json\/wp\/v2\/comments?post=21760"}],"version-history":[{"count":0,"href":"https:\/\/infovera.com.ar\/web\/wp-json\/wp\/v2\/posts\/21760\/revisions"}],"wp:featuredmedia":[{"embeddable":true,"href":"https:\/\/infovera.com.ar\/web\/wp-json\/wp\/v2\/media\/20184"}],"wp:attachment":[{"href":"https:\/\/infovera.com.ar\/web\/wp-json\/wp\/v2\/media?parent=21760"}],"wp:term":[{"taxonomy":"category","embeddable":true,"href":"https:\/\/infovera.com.ar\/web\/wp-json\/wp\/v2\/categories?post=21760"},{"taxonomy":"post_tag","embeddable":true,"href":"https:\/\/infovera.com.ar\/web\/wp-json\/wp\/v2\/tags?post=21760"}],"curies":[{"name":"wp","href":"https:\/\/api.w.org\/{rel}","templated":true}]}}