{"id":21755,"date":"2021-06-05T08:38:02","date_gmt":"2021-06-05T11:38:02","guid":{"rendered":"https:\/\/infovera.com.ar\/web\/?p=21755"},"modified":"2021-06-05T08:50:30","modified_gmt":"2021-06-05T11:50:30","slug":"bomberos-reclamaron-ser-vacunados-contra-el-covid-la-respuesta-de-la-provincia-video","status":"publish","type":"post","link":"https:\/\/infovera.com.ar\/web\/2021\/06\/05\/bomberos-reclamaron-ser-vacunados-contra-el-covid-la-respuesta-de-la-provincia-video\/","title":{"rendered":"Bomberos reclamaron ser vacunados contra el Covid: la respuesta de la provincia (video)"},"content":{"rendered":"<p><strong>El secretario de Protecci\u00f3n Civil, Roberto Rioja, junto al subsecretario de Protecci\u00f3n Civil, Julio Clement y el asesor del Ejecutivo, Rub\u00e9n Michlig,<\/strong> recibieron este viernes al mediod\u00eda a representantes de la Federaci\u00f3n Santafesina de Asociaciones de Bomberos Voluntarios, quienes se manifestaron reclamando ser vacunados contra el Covid-19.<\/p>\n<p><iframe loading=\"lazy\" title=\"Rioja: respuesta al Reclamo de Bomberos\" width=\"696\" height=\"392\" src=\"https:\/\/www.youtube.com\/embed\/fGRQX_Rv2g4?feature=oembed\" frameborder=\"0\" allow=\"accelerometer; autoplay; clipboard-write; encrypted-media; gyroscope; picture-in-picture; web-share\" referrerpolicy=\"strict-origin-when-cross-origin\" allowfullscreen><\/iframe><\/p>\n<p>&nbsp;<\/p>\n<p>&nbsp;<\/p>\n","protected":false},"excerpt":{"rendered":"<p>El secretario de Protecci\u00f3n Civil, Roberto Rioja, junto al subsecretario de Protecci\u00f3n Civil, Julio Clement y el asesor del Ejecutivo, Rub\u00e9n Michlig, recibieron este viernes al mediod\u00eda a representantes de la Federaci\u00f3n Santafesina de Asociaciones de Bomberos Voluntarios, quienes se manifestaron reclamando ser vacunados contra el Covid-19. &nbsp; &nbsp;<\/p>\n","protected":false},"author":3,"featured_media":21781,"comment_status":"open","ping_status":"open","sticky":false,"template":"","format":"standard","meta":{"_joinchat":[],"footnotes":""},"categories":[60],"tags":[],"class_list":{"0":"post-21755","1":"post","2":"type-post","3":"status-publish","4":"format-standard","5":"has-post-thumbnail","7":"category-provinciales"},"_links":{"self":[{"href":"https:\/\/infovera.com.ar\/web\/wp-json\/wp\/v2\/posts\/21755","targetHints":{"allow":["GET"]}}],"collection":[{"href":"https:\/\/infovera.com.ar\/web\/wp-json\/wp\/v2\/posts"}],"about":[{"href":"https:\/\/infovera.com.ar\/web\/wp-json\/wp\/v2\/types\/post"}],"author":[{"embeddable":true,"href":"https:\/\/infovera.com.ar\/web\/wp-json\/wp\/v2\/users\/3"}],"replies":[{"embeddable":true,"href":"https:\/\/infovera.com.ar\/web\/wp-json\/wp\/v2\/comments?post=21755"}],"version-history":[{"count":0,"href":"https:\/\/infovera.com.ar\/web\/wp-json\/wp\/v2\/posts\/21755\/revisions"}],"wp:featuredmedia":[{"embeddable":true,"href":"https:\/\/infovera.com.ar\/web\/wp-json\/wp\/v2\/media\/21781"}],"wp:attachment":[{"href":"https:\/\/infovera.com.ar\/web\/wp-json\/wp\/v2\/media?parent=21755"}],"wp:term":[{"taxonomy":"category","embeddable":true,"href":"https:\/\/infovera.com.ar\/web\/wp-json\/wp\/v2\/categories?post=21755"},{"taxonomy":"post_tag","embeddable":true,"href":"https:\/\/infovera.com.ar\/web\/wp-json\/wp\/v2\/tags?post=21755"}],"curies":[{"name":"wp","href":"https:\/\/api.w.org\/{rel}","templated":true}]}}