{"id":21735,"date":"2021-06-03T13:46:56","date_gmt":"2021-06-03T16:46:56","guid":{"rendered":"https:\/\/infovera.com.ar\/web\/?p=21735"},"modified":"2021-06-05T09:00:00","modified_gmt":"2021-06-05T12:00:00","slug":"perotti-firmo-el-decreto-de-corrimiento-de-las-elecciones","status":"publish","type":"post","link":"https:\/\/infovera.com.ar\/web\/2021\/06\/03\/perotti-firmo-el-decreto-de-corrimiento-de-las-elecciones\/","title":{"rendered":"Perotti firm\u00f3 el decreto de corrimiento de las elecciones"},"content":{"rendered":"<p><strong>El gobernado rubric\u00f3 hoy el decreto 0749 que fija par el d\u00eda 14 de noviembre de 2021 para la realizaci\u00f3n de la elecci\u00f3n general a los fines de la cobertura de cargos municipales <\/strong><strong>y comunales.<\/strong><\/p>\n<p>Y estabelce para el el d\u00eda 12 de setiembre de 2021 para la realizaci\u00f3n de las elecciones Primarias, Abiertas, Simult\u00e1neas y Obligatorias para elegir candidatos en las distintas categor\u00edas electorales.<\/p>\n<p>En los considerados, fundament\u00f3 que la C\u00e1mara de Senadores de la Naci\u00f3n dio sanci\u00f3n<br \/>\ndefinitiva al Proyecto de Ley que le fuera girado en revisi\u00f3n por la C\u00e1mara de Diputados por el que se modifica, por \u00fanica vez, la fecha de las elecciones Primarias, Abiertas, Simult\u00e1neas y Obligatorias (PASO) previstas por el Art\u00edculo 20 de la Ley N\u00b0 26571 para elegir candidatos a los cargos legislativos nacionales, estableciendo para la realizaci\u00f3n de los comicios el segundo domingo de septiembre de 2021; y tambi\u00e9n, por \u00fanica vez, la fecha de las elecciones nacionales generales, previstas por el Art\u00edculo 53 de la Ley N\u00b0 19945 y sus modificatorias (C\u00f3digo Electoral Nacional), estableciendo para la realizaci\u00f3n de<br \/>\nlos comicios el segundo domingo de noviembre de 2021;<\/p>\n","protected":false},"excerpt":{"rendered":"<p>El gobernado rubric\u00f3 hoy el decreto 0749 que fija par el d\u00eda 14 de noviembre de 2021 para la realizaci\u00f3n de la elecci\u00f3n general a los fines de la cobertura de cargos municipales y comunales. Y estabelce para el el d\u00eda 12 de setiembre de 2021 para la realizaci\u00f3n de las elecciones Primarias, Abiertas, Simult\u00e1neas [&hellip;]<\/p>\n","protected":false},"author":3,"featured_media":19037,"comment_status":"open","ping_status":"open","sticky":false,"template":"","format":"standard","meta":{"_joinchat":[],"footnotes":""},"categories":[1],"tags":[],"class_list":{"0":"post-21735","1":"post","2":"type-post","3":"status-publish","4":"format-standard","5":"has-post-thumbnail","7":"category-sin-categoria"},"_links":{"self":[{"href":"https:\/\/infovera.com.ar\/web\/wp-json\/wp\/v2\/posts\/21735","targetHints":{"allow":["GET"]}}],"collection":[{"href":"https:\/\/infovera.com.ar\/web\/wp-json\/wp\/v2\/posts"}],"about":[{"href":"https:\/\/infovera.com.ar\/web\/wp-json\/wp\/v2\/types\/post"}],"author":[{"embeddable":true,"href":"https:\/\/infovera.com.ar\/web\/wp-json\/wp\/v2\/users\/3"}],"replies":[{"embeddable":true,"href":"https:\/\/infovera.com.ar\/web\/wp-json\/wp\/v2\/comments?post=21735"}],"version-history":[{"count":0,"href":"https:\/\/infovera.com.ar\/web\/wp-json\/wp\/v2\/posts\/21735\/revisions"}],"wp:featuredmedia":[{"embeddable":true,"href":"https:\/\/infovera.com.ar\/web\/wp-json\/wp\/v2\/media\/19037"}],"wp:attachment":[{"href":"https:\/\/infovera.com.ar\/web\/wp-json\/wp\/v2\/media?parent=21735"}],"wp:term":[{"taxonomy":"category","embeddable":true,"href":"https:\/\/infovera.com.ar\/web\/wp-json\/wp\/v2\/categories?post=21735"},{"taxonomy":"post_tag","embeddable":true,"href":"https:\/\/infovera.com.ar\/web\/wp-json\/wp\/v2\/tags?post=21735"}],"curies":[{"name":"wp","href":"https:\/\/api.w.org\/{rel}","templated":true}]}}