{"id":21701,"date":"2021-06-02T21:44:54","date_gmt":"2021-06-03T00:44:54","guid":{"rendered":"https:\/\/infovera.com.ar\/web\/?p=21701"},"modified":"2021-06-03T14:14:17","modified_gmt":"2021-06-03T17:14:17","slug":"general-obligado-sumo-192-nuevos-contagios-y-cuatro-muertes-por-covid","status":"publish","type":"post","link":"https:\/\/infovera.com.ar\/web\/2021\/06\/02\/general-obligado-sumo-192-nuevos-contagios-y-cuatro-muertes-por-covid\/","title":{"rendered":"192 nuevos contagios y cuatro muertes por Covid"},"content":{"rendered":"<p><strong>La Regi\u00f3n de Salud Reconquista inform\u00f3 a la poblaci\u00f3n que este mi\u00e9rcoles 2 de junio se reportaron 192 casos de Covid-19 positivo: <\/strong><\/p>\n<p>1 Hardy; 1 El Rab\u00f3n; 9 Las Toscas; 5 Tacuarend\u00ed; 3 San Antonio de Obligado; 12 Villa Ocampo; 1 Villa Ana; 2 La Sarita; 1 Guadalupe Norte; 59 Avellaneda; 74 Reconquista; 16 Malabrigo; 5 Romang; 3 Alejandra.<\/p>\n<p>Total de casos activos en la regi\u00f3n: 1719 (1644 cumpliendo aislamientos domiciliario obligatorio con vigilancia epidemiol\u00f3gica, 75 internados).<\/p>\n<p><strong>Fallecidos<\/strong><\/p>\n<p>Se informa el fallecimiento, en el d\u00eda de la fecha, de cuatro personas con diagn\u00f3stico positivo de coronavirus (2019-nCoV).<\/p>\n<p>&#8211; 1 paciente (47 a\u00f1os) con residencia en Reconquista.<br \/>\n&#8211; 1 paciente (71 a\u00f1os) con residencia en La Sarita (San Manuel).<br \/>\n&#8211; 1 paciente (84 a\u00f1os) con residencia en San Antonio de Obligado.<br \/>\n&#8211; 1 paciente (75 a\u00f1os) con residencia en Avellaneda.<\/p>\n","protected":false},"excerpt":{"rendered":"<p>La Regi\u00f3n de Salud Reconquista inform\u00f3 a la poblaci\u00f3n que este mi\u00e9rcoles 2 de junio se reportaron 192 casos de Covid-19 positivo: 1 Hardy; 1 El Rab\u00f3n; 9 Las Toscas; 5 Tacuarend\u00ed; 3 San Antonio de Obligado; 12 Villa Ocampo; 1 Villa Ana; 2 La Sarita; 1 Guadalupe Norte; 59 Avellaneda; 74 Reconquista; 16 Malabrigo; [&hellip;]<\/p>\n","protected":false},"author":3,"featured_media":18790,"comment_status":"open","ping_status":"open","sticky":false,"template":"","format":"standard","meta":{"_joinchat":[],"footnotes":""},"categories":[55],"tags":[],"class_list":{"0":"post-21701","1":"post","2":"type-post","3":"status-publish","4":"format-standard","5":"has-post-thumbnail","7":"category-reconquista"},"_links":{"self":[{"href":"https:\/\/infovera.com.ar\/web\/wp-json\/wp\/v2\/posts\/21701","targetHints":{"allow":["GET"]}}],"collection":[{"href":"https:\/\/infovera.com.ar\/web\/wp-json\/wp\/v2\/posts"}],"about":[{"href":"https:\/\/infovera.com.ar\/web\/wp-json\/wp\/v2\/types\/post"}],"author":[{"embeddable":true,"href":"https:\/\/infovera.com.ar\/web\/wp-json\/wp\/v2\/users\/3"}],"replies":[{"embeddable":true,"href":"https:\/\/infovera.com.ar\/web\/wp-json\/wp\/v2\/comments?post=21701"}],"version-history":[{"count":0,"href":"https:\/\/infovera.com.ar\/web\/wp-json\/wp\/v2\/posts\/21701\/revisions"}],"wp:featuredmedia":[{"embeddable":true,"href":"https:\/\/infovera.com.ar\/web\/wp-json\/wp\/v2\/media\/18790"}],"wp:attachment":[{"href":"https:\/\/infovera.com.ar\/web\/wp-json\/wp\/v2\/media?parent=21701"}],"wp:term":[{"taxonomy":"category","embeddable":true,"href":"https:\/\/infovera.com.ar\/web\/wp-json\/wp\/v2\/categories?post=21701"},{"taxonomy":"post_tag","embeddable":true,"href":"https:\/\/infovera.com.ar\/web\/wp-json\/wp\/v2\/tags?post=21701"}],"curies":[{"name":"wp","href":"https:\/\/api.w.org\/{rel}","templated":true}]}}