{"id":21661,"date":"2021-06-02T17:07:51","date_gmt":"2021-06-02T20:07:51","guid":{"rendered":"https:\/\/infovera.com.ar\/web\/?p=21661"},"modified":"2021-06-02T17:07:51","modified_gmt":"2021-06-02T20:07:51","slug":"reconquista-supero-el-record-de-casos-diarios-y-no-quedan-camas-en-terapia","status":"publish","type":"post","link":"https:\/\/infovera.com.ar\/web\/2021\/06\/02\/reconquista-supero-el-record-de-casos-diarios-y-no-quedan-camas-en-terapia\/","title":{"rendered":"Reconquista super\u00f3 el record de casos diarios y no quedan camas en terapia"},"content":{"rendered":"<p><strong>La ciudad registr\u00f3 el martes 103 contagios de Covid. Es el n\u00famero m\u00e1s alto desde que comenz\u00f3 la pandemia. La mitad de los hisopados que se realizan est\u00e1n dando positivo. Intensifican la vacunaci\u00f3n.<\/strong><\/p>\n<p>La situaci\u00f3n sanitaria es l\u00edmite en la ciudad capital del norte santafesino. Eso es lo que marcan los n\u00fameros que se reportan diariamente desde la Regi\u00f3n de Salud. Anoche, el reporte epidemiol\u00f3gico dio cuenta que se registraron 103 casos nuevos de Covid, el n\u00famero m\u00e1s elevado desde el inicio de la pandemia en marzo del a\u00f1o pasado.<\/p>\n<p>Reconquista lleva acumulados 4998 casos positivos desde el comienzo de la pandemia, existen 694 casos activos, 25 internados, 4208 recuperados, 96 fallecidos y 1656 personas en aislamiento preventivo.<\/p>\n<p>En total, en General Obligado se registraron 223 casos el martes, y eso tambi\u00e9n configura un dato preocupante en atenci\u00f3n a que toda la regi\u00f3n deriva casos graves al Nuevo Hospital de Reconquista, hoy en estado de saturaci\u00f3n de camas cr\u00edticas.<\/p>\n<p>El director del nosocomio, Dr. Juan Carlos Zanuttini, describi\u00f3 que los respiradores nuevos que llegaron ya fueron ocupados y se\u00f1al\u00f3 que el personal muestra signos de cansancio porque \u201ctodo se multiplica y hacen dobles turnos, dobles guardias, y entonces estamos en una situaci\u00f3n muy dif\u00edcil. La poblaci\u00f3n deber\u00eda en alg\u00fan momento darse cuenta y ponerse en el lugar\u201d, de los trabajadores de la Salud.<\/p>\n<p>\u201cEstamos colmados, estamos poniendo camas donde podemos. De cada cien personas que se testean, la mitad da positivo\u201d, lo que significa que \u201chay alta circulaci\u00f3n viral\u201d, alert\u00f3.<\/p>\n<p><strong>Testeos<\/strong><\/p>\n<p>Este cuadro fue abordado por el Comit\u00e9 de Crisis y Seguimiento Sanitario del Covid-19, que encabezado por el intendente local Dr. Amadeo Enrique Vallejos, se reuni\u00f3 en la Casa del Bicentenario.<\/p>\n<p>Las autoridades realizaron un an\u00e1lisis exhaustivo de los \u00faltimos indicadores epidemiol\u00f3gicos y del estado de situaci\u00f3n general, con una capacidad de terapia del Nuevo Hospital completa, con 5 camas de guardia ocupadas por pacientes Covid y una sola disponible en sector adultos, presentando el Hospital de Campa\u00f1a una realidad m\u00e1s holgada por el momento.<\/p>\n<p>En esa l\u00ednea, los presentes destacaron la llegada de 5 nuevos respiradores y que se trabaja para incrementar la capacidad de testeos, al tiempo que informaron el arribo de una cantidad importante de dosis de Sputnik V y que se esperan vacunas de AstraZeneca para las pr\u00f3ximas horas.<\/p>\n<p>Sobre el proceso de vacunaci\u00f3n, detallaron que se est\u00e1 finalizando el proceso de inmunizaci\u00f3n de fuerzas de seguridad, centros de d\u00eda y un remanente del personal sanitario. En ese sentido, se ultiman detalles y protocolos para el nuevo vacunatorio que funcionar\u00e1 en las instalaciones del club Platense Porvenir.<\/p>\n<p><strong>Vacunas<\/strong><\/p>\n<p>En tanto, la Regi\u00f3n de Salud comunic\u00f3 que ante la llegada de una importante cantidad de vacunas Sputnik V a la Regi\u00f3n de Salud, durante lunes y martes se activaron los protocolos establecidos para continuar con la aplicaci\u00f3n de las primeras dosis a la franja etaria de adultos mayores de 60 a 65 a\u00f1os.<\/p>\n<p>A su vez, se explic\u00f3 que estas vacunas ser\u00e1n distribuidas para aplicarse a todos los concurrentes y personal de los Centros de D\u00eda. Como as\u00ed tambi\u00e9n, al remanente de personal sanitario que ha quedado sin recibirlas por diferentes motivos.<\/p>\n<p>Y se consign\u00f3 que esta acci\u00f3n busca completar la vacunaci\u00f3n de primeras dosis a esta poblaci\u00f3n y contempla las localidades de Reconquista, Avellaneda, Las Toscas, Florencia, Malabrigo y Villa Ocampo; siendo estas localidades las que poseen los freezers que se requieren para este tipo de vacunas.<\/p>\n<p>Asimismo, el martes se distribuyeron en toda la regi\u00f3n una cantidad significativa de vacunas AstraZeneca para ser utilizadas para aplicar las segundas dosis en este proceso de inoculaci\u00f3n. Para todo ello las personas ir\u00e1n recibiendo los turnos desde Santa Fe, para lo cual se recomienda prestar vital atenci\u00f3n a la comunicaci\u00f3n correspondiente para cada una de las dosis detalladas.<\/p>\n","protected":false},"excerpt":{"rendered":"<p>La ciudad registr\u00f3 el martes 103 contagios de Covid. Es el n\u00famero m\u00e1s alto desde que comenz\u00f3 la pandemia. La mitad de los hisopados que se realizan est\u00e1n dando positivo. Intensifican la vacunaci\u00f3n. La situaci\u00f3n sanitaria es l\u00edmite en la ciudad capital del norte santafesino. Eso es lo que marcan los n\u00fameros que se reportan [&hellip;]<\/p>\n","protected":false},"author":3,"featured_media":21302,"comment_status":"open","ping_status":"open","sticky":false,"template":"","format":"standard","meta":{"_joinchat":[],"footnotes":""},"categories":[55],"tags":[],"class_list":{"0":"post-21661","1":"post","2":"type-post","3":"status-publish","4":"format-standard","5":"has-post-thumbnail","7":"category-reconquista"},"_links":{"self":[{"href":"https:\/\/infovera.com.ar\/web\/wp-json\/wp\/v2\/posts\/21661","targetHints":{"allow":["GET"]}}],"collection":[{"href":"https:\/\/infovera.com.ar\/web\/wp-json\/wp\/v2\/posts"}],"about":[{"href":"https:\/\/infovera.com.ar\/web\/wp-json\/wp\/v2\/types\/post"}],"author":[{"embeddable":true,"href":"https:\/\/infovera.com.ar\/web\/wp-json\/wp\/v2\/users\/3"}],"replies":[{"embeddable":true,"href":"https:\/\/infovera.com.ar\/web\/wp-json\/wp\/v2\/comments?post=21661"}],"version-history":[{"count":0,"href":"https:\/\/infovera.com.ar\/web\/wp-json\/wp\/v2\/posts\/21661\/revisions"}],"wp:featuredmedia":[{"embeddable":true,"href":"https:\/\/infovera.com.ar\/web\/wp-json\/wp\/v2\/media\/21302"}],"wp:attachment":[{"href":"https:\/\/infovera.com.ar\/web\/wp-json\/wp\/v2\/media?parent=21661"}],"wp:term":[{"taxonomy":"category","embeddable":true,"href":"https:\/\/infovera.com.ar\/web\/wp-json\/wp\/v2\/categories?post=21661"},{"taxonomy":"post_tag","embeddable":true,"href":"https:\/\/infovera.com.ar\/web\/wp-json\/wp\/v2\/tags?post=21661"}],"curies":[{"name":"wp","href":"https:\/\/api.w.org\/{rel}","templated":true}]}}