{"id":21615,"date":"2021-06-02T10:10:23","date_gmt":"2021-06-02T13:10:23","guid":{"rendered":"https:\/\/infovera.com.ar\/web\/?p=21615"},"modified":"2021-06-02T10:10:23","modified_gmt":"2021-06-02T13:10:23","slug":"los-bomberos-voluntarios-viviran-su-dia-con-una-jornada-de-luto","status":"publish","type":"post","link":"https:\/\/infovera.com.ar\/web\/2021\/06\/02\/los-bomberos-voluntarios-viviran-su-dia-con-una-jornada-de-luto\/","title":{"rendered":"Los bomberos voluntarios vivir\u00e1n su D\u00eda con una jornada de &#8220;luto&#8221;"},"content":{"rendered":"<p><strong>El 2 de junio se conmemora el D\u00eda del Bombero en todo el pa\u00eds. Los cuarteles santafesinos izar\u00e1n las banderas a media asta, colgar\u00e1n crespones y tocar\u00e1n la sirena a las 12. Tienen cuatro muertos en la provincia y reclaman vacunas.<\/strong><\/p>\n<p>Los Bomberos Voluntarios de todo el pa\u00eds conmemoran este 2 de junio el D\u00eda del Bombero. Pero este a\u00f1o no tienen nada que celebrar. Por eso decidieron declararlo D\u00eda de Luto, en recuerdo a los efectivos fallecidos por coronavirus. En Santa Fe, y bajo lemas como #bomberosestadeluto #bomberosesenciales y #vacunasabomberosya, los cuarteles colgar\u00e1n crespones en sus puertas, izar\u00e1n las banderas a media asta, tocar\u00e1n las sirenas en simult\u00e1neo a las 12, y algunos llamaron a la poblaci\u00f3n a adherir colgando globos rojos y anaranjados en sus casas. No es para menos. Desde que comenz\u00f3 la pandemia de coronavirus ya tuvieron que lamentar las muertes de cuatro efectivos en territorio provincial. Quieren que se los incluya dentro del personal esencial y recibir las vacunas contra el Covid-19.<\/p>\n<p>El s\u00e1bado que pas\u00f3, la\u00a0Comisi\u00f3n Directiva de la Federaci\u00f3n Santafesina de Bomberos Voluntarios\u00a0mantuvo una reuni\u00f3n con los presidentes regionales, en la que resolvieron esta medida in\u00e9dita. \u201cSer\u00e1 nuestra manera de decirle a la sociedad que estamos todos juntos, nos lleva a esto la falta de respuesta y empat\u00eda de parte del gobierno provincial y del nacional, que\u00a0no declararon esenciales ni vacunaron a nuestros bomberos, lo que nos provoc\u00f3 muchas p\u00e9rdidas\u201d, dijo la Federaci\u00f3n en un comunicado.<\/p>\n<p>El presidente de la entidad provincial, Enrique Mart\u00edn, afirm\u00f3 a La Capital que se trata de \u201cun\u00a0luto simb\u00f3lico\u00a0por los bomberos fallecidos a ra\u00edz del Covid-19 en la\u00a0provincia. Este es un pedido que hab\u00edan hecho los jefes de las regiones, y lo estamos canalizando a trav\u00e9s de la federaci\u00f3n\u201d, cont\u00f3.<\/p>\n<p>La provincia de Santa Fe tiene 154 cuarteles de bomberos, y unos 4 mil voluntarios que prestan servicios, inform\u00f3 el presidente de la entidad que los nuclea.<\/p>\n<p><strong>A la espera<\/strong><\/p>\n<p>En rigor, los bomberos esperaron\u00a0hasta \u00faltimo momento\u00a0una respuesta de parte de la provincia a su reclamo, al punto que este mismo martes las autoridades de la Federaci\u00f3n mantuvieron una reuni\u00f3n con responsables de\u00a0Protecci\u00f3n Civil\u00a0del gobierno santafesino.<\/p>\n<p>\u201cSeg\u00fan lo que nos dijeron, tienen la aprobaci\u00f3n del gobernador para que los\u00a0Samco\u00a0de cada localidad reciban el listado de los efectivos de las distintas asociaciones a fin de ir incluy\u00e9ndolos en un cronograma para que reciban vacunas,\u00a0a medida que las dosis vayan llegando\u201d, dijo Mart\u00edn.<\/p>\n<p>Pero a\u00fan no hay un anuncio oficial al respecto. Por el momento, la\u00a0C\u00e1mara de Diputados\u00a0dio media sanci\u00f3n para que se los incluya dentro del personal esencial; falta la aprobaci\u00f3n de los senadores y la promulgaci\u00f3n por parte del gobierno. Es todo un proceso y ellos\u00a0siguen a la espera.<\/p>\n<p>Los bomberos vienen sufriendo las consecuencias de la pandemia, y tuvieron que lamentar v\u00edctimas fatales en la provincia. El \u00faltimo fue Jorge Luis Abad\u00eda, jefe del cuartel de Recreo y de la Regional IV de la fuerza civil. Su deceso se produjo 29 de abril, luego de una semana de luchar contra la enfermedad. Pero tambi\u00e9n hab\u00edan sufrido la p\u00e9rdida de Maira Centuri\u00f3n, de 28 a\u00f1os, que prestaba servicios en Coronel Arnold, y de los bomberos de Arroyo Seco, Sergio Amil y Fabi\u00e1n Franze (aunque el deceso de \u00e9ste \u00faltimo fue calificado en un principio como dudoso).<\/p>\n<p>En cuando a los\u00a0contagiados, Mart\u00edn aclar\u00f3 que es un n\u00famero\u00a0muy fluctuante, que se actualiza permanentemente por nuevos casos, por altas epidemiol\u00f3gicas y por situaciones de aislamiento que no siempre implican que los bomberos hayan contra\u00eddo la enfermedad. Por eso se excus\u00f3 de especificar cifras, aunque s\u00ed reconoci\u00f3 que la situaci\u00f3n\u00a0complica la operatividad\u00a0de los cuarteles, que en ocasiones tuvieron que pedir refuerzos de otras localidades.<\/p>\n<p><strong>Reclamo nacional<\/strong><\/p>\n<p>El 3 de mayo, el\u00a0Sistema Nacional de Bomberos Voluntarios de la Rep\u00fablica Argentina\u00a0se hab\u00eda declarado ya en\u00a0estado de alerta y movilizaci\u00f3n\u00a0ante la falta de vacunas contra el Covid-19 para los m\u00e1s de\u00a043 mil integrantes\u00a0de cuerpos activos y consejos directivos de las asociaciones de Bomberos Voluntarios de todo el pa\u00eds.<\/p>\n<p>\u201cSi bien en varias jurisdicciones los gobiernos municipales y provinciales accedieron a vacunar a bomberas y bomberos,\u00a0no es la norma\u00a0en la gran mayor\u00eda de las provincias. El porcentaje de integrantes de Asociaciones de Bomberos Voluntarios vacunados es baj\u00edsimo y la preocupaci\u00f3n\u00a0crece ante esta segunda ola de contagios, en la cual el aumento de casos es notable y expone con mayor peligro de contagio a nuestros hombres y mujeres\u201d, manifest\u00f3 entonces la entidad nacional. La provincia de C\u00f3rdoba est\u00e1 cumpliendo con un cronograma, y Neuqu\u00e9n comenz\u00f3 a inocular a los bomberos.<\/p>\n<p>Desde el a\u00f1o pasado el\u00a0Consejo de Federaciones de Bomberos Voluntarios\u00a0de la Rep\u00fablica Argentina y las\u00a026 federaciones\u00a0provinciales que lo integran vienen realizando pedidos y reclamos a las autoridades de los ministerios de Salud nacional y provinciales. \u201cSin embargo, a la fecha, a\u00fan no se tuvo respuesta a la necesidad de definir e implementar un plan de vacunaci\u00f3n para bomberos voluntarios\u201d, manifest\u00f3 la entidad.<\/p>\n<p>Los bomberos voluntarios prestan servicio en el 80 por ciento del territorio argentino, en la protecci\u00f3n de m\u00e1s de 44 millones de habitantes.<\/p>\n<p>La necesidad de acceder de manera r\u00e1pida e inmediata a la vacunaci\u00f3n es urgente, las bomberas y bomberos voluntarios de la Argentina \u201cno pueden esperar m\u00e1s porque la emergencia no espera ni descansa. Si nuestros hombres y mujeres se contagian nadie m\u00e1s estar\u00e1 en condiciones de brindar el servicio de seguridad siniestral en la Argentina, una funci\u00f3n delegada por el Estado Nacional hace m\u00e1s de 137 a\u00f1os a nuestro movimiento\u201d, se\u00f1al\u00f3 el consejo.<\/p>\n<p>Por \u00faltimo, Enrique Mart\u00edn pidi\u00f3 hacerles llegar \u201ca todos los bomberos de la provincia nuestros saludos y decirles que\u00a0estamos en una lucha permanente, y que estamos haciendo todo el esfuerzo posible para lograr el merecido reconocimiento por la labor que realizan a lo largo y a lo ancho del territorio santafesino\u201d.<\/p>\n<p>Fuente: La Capital<\/p>\n","protected":false},"excerpt":{"rendered":"<p>El 2 de junio se conmemora el D\u00eda del Bombero en todo el pa\u00eds. Los cuarteles santafesinos izar\u00e1n las banderas a media asta, colgar\u00e1n crespones y tocar\u00e1n la sirena a las 12. Tienen cuatro muertos en la provincia y reclaman vacunas. Los Bomberos Voluntarios de todo el pa\u00eds conmemoran este 2 de junio el D\u00eda [&hellip;]<\/p>\n","protected":false},"author":3,"featured_media":21617,"comment_status":"open","ping_status":"open","sticky":false,"template":"","format":"standard","meta":{"_joinchat":[],"footnotes":""},"categories":[60],"tags":[],"class_list":{"0":"post-21615","1":"post","2":"type-post","3":"status-publish","4":"format-standard","5":"has-post-thumbnail","7":"category-provinciales"},"_links":{"self":[{"href":"https:\/\/infovera.com.ar\/web\/wp-json\/wp\/v2\/posts\/21615","targetHints":{"allow":["GET"]}}],"collection":[{"href":"https:\/\/infovera.com.ar\/web\/wp-json\/wp\/v2\/posts"}],"about":[{"href":"https:\/\/infovera.com.ar\/web\/wp-json\/wp\/v2\/types\/post"}],"author":[{"embeddable":true,"href":"https:\/\/infovera.com.ar\/web\/wp-json\/wp\/v2\/users\/3"}],"replies":[{"embeddable":true,"href":"https:\/\/infovera.com.ar\/web\/wp-json\/wp\/v2\/comments?post=21615"}],"version-history":[{"count":0,"href":"https:\/\/infovera.com.ar\/web\/wp-json\/wp\/v2\/posts\/21615\/revisions"}],"wp:featuredmedia":[{"embeddable":true,"href":"https:\/\/infovera.com.ar\/web\/wp-json\/wp\/v2\/media\/21617"}],"wp:attachment":[{"href":"https:\/\/infovera.com.ar\/web\/wp-json\/wp\/v2\/media?parent=21615"}],"wp:term":[{"taxonomy":"category","embeddable":true,"href":"https:\/\/infovera.com.ar\/web\/wp-json\/wp\/v2\/categories?post=21615"},{"taxonomy":"post_tag","embeddable":true,"href":"https:\/\/infovera.com.ar\/web\/wp-json\/wp\/v2\/tags?post=21615"}],"curies":[{"name":"wp","href":"https:\/\/api.w.org\/{rel}","templated":true}]}}