{"id":21602,"date":"2021-06-02T09:31:21","date_gmt":"2021-06-02T12:31:21","guid":{"rendered":"https:\/\/infovera.com.ar\/web\/?p=21602"},"modified":"2021-06-05T09:04:01","modified_gmt":"2021-06-05T12:04:01","slug":"choque-de-camiones-en-la-ruta-98","status":"publish","type":"post","link":"https:\/\/infovera.com.ar\/web\/2021\/06\/02\/choque-de-camiones-en-la-ruta-98\/","title":{"rendered":"Choque de camiones en la Ruta 98"},"content":{"rendered":"<p><strong>A las las 20:30, en el kil\u00f3metro 55 de la ruta, se produjo un accidente accidente de transito.<\/strong><\/p>\n<p>En ese punto colisionaron un cami\u00f3n Ford Cargo 1722, manejado por un hombre oriundo de la de Avellaneda de 61 a\u00f1os y otro Ford Cargo, 1832 E, siendo su conductor un hombre de 37 a\u00f1os que iba acompa\u00f1ado por dos personas de 31 y 49 a\u00f1os, domiciliados en la ciudad de Santa Fe.<\/p>\n<p>Uno de los acompa\u00f1antes fue trasladado al nosocomio de Vera para su atenci\u00f3n medica.<\/p>\n<p>Interviene Unidad Fiscal Nro 4 Vera.<\/p>\n<p><img loading=\"lazy\" decoding=\"async\" class=\" wp-image-21496 aligncenter\" src=\"https:\/\/infovera.com.ar\/web\/wp-content\/uploads\/2021\/05\/ACOSTA-3-2-300x54.jpg\" alt=\"\" width=\"556\" height=\"100\" srcset=\"https:\/\/infovera.com.ar\/web\/wp-content\/uploads\/2021\/05\/ACOSTA-3-2-300x54.jpg 300w, https:\/\/infovera.com.ar\/web\/wp-content\/uploads\/2021\/05\/ACOSTA-3-2.jpg 670w\" sizes=\"auto, (max-width: 556px) 100vw, 556px\" \/><\/p>\n","protected":false},"excerpt":{"rendered":"<p>A las las 20:30, en el kil\u00f3metro 55 de la ruta, se produjo un accidente accidente de transito. En ese punto colisionaron un cami\u00f3n Ford Cargo 1722, manejado por un hombre oriundo de la de Avellaneda de 61 a\u00f1os y otro Ford Cargo, 1832 E, siendo su conductor un hombre de 37 a\u00f1os que iba [&hellip;]<\/p>\n","protected":false},"author":3,"featured_media":21604,"comment_status":"open","ping_status":"open","sticky":false,"template":"","format":"standard","meta":{"_joinchat":[],"footnotes":""},"categories":[30],"tags":[],"class_list":{"0":"post-21602","1":"post","2":"type-post","3":"status-publish","4":"format-standard","5":"has-post-thumbnail","7":"category-policiales"},"_links":{"self":[{"href":"https:\/\/infovera.com.ar\/web\/wp-json\/wp\/v2\/posts\/21602","targetHints":{"allow":["GET"]}}],"collection":[{"href":"https:\/\/infovera.com.ar\/web\/wp-json\/wp\/v2\/posts"}],"about":[{"href":"https:\/\/infovera.com.ar\/web\/wp-json\/wp\/v2\/types\/post"}],"author":[{"embeddable":true,"href":"https:\/\/infovera.com.ar\/web\/wp-json\/wp\/v2\/users\/3"}],"replies":[{"embeddable":true,"href":"https:\/\/infovera.com.ar\/web\/wp-json\/wp\/v2\/comments?post=21602"}],"version-history":[{"count":0,"href":"https:\/\/infovera.com.ar\/web\/wp-json\/wp\/v2\/posts\/21602\/revisions"}],"wp:featuredmedia":[{"embeddable":true,"href":"https:\/\/infovera.com.ar\/web\/wp-json\/wp\/v2\/media\/21604"}],"wp:attachment":[{"href":"https:\/\/infovera.com.ar\/web\/wp-json\/wp\/v2\/media?parent=21602"}],"wp:term":[{"taxonomy":"category","embeddable":true,"href":"https:\/\/infovera.com.ar\/web\/wp-json\/wp\/v2\/categories?post=21602"},{"taxonomy":"post_tag","embeddable":true,"href":"https:\/\/infovera.com.ar\/web\/wp-json\/wp\/v2\/tags?post=21602"}],"curies":[{"name":"wp","href":"https:\/\/api.w.org\/{rel}","templated":true}]}}