{"id":21582,"date":"2021-06-01T17:56:40","date_gmt":"2021-06-01T20:56:40","guid":{"rendered":"https:\/\/infovera.com.ar\/web\/?p=21582"},"modified":"2021-06-02T13:28:33","modified_gmt":"2021-06-02T16:28:33","slug":"llegan-a-la-provincia-de-santa-fe-mas-de-172-mil-dosis-para-vacunar-la-franja-de-18-a-59-con-comorbilidades","status":"publish","type":"post","link":"https:\/\/infovera.com.ar\/web\/2021\/06\/01\/llegan-a-la-provincia-de-santa-fe-mas-de-172-mil-dosis-para-vacunar-la-franja-de-18-a-59-con-comorbilidades\/","title":{"rendered":"Llegan a la provincia de Santa Fe m\u00e1s de 172 mil dosis para vacunar la franja de 18 a 59 con comorbilidades"},"content":{"rendered":"<p><strong>Son dosis de AstraZeneca que ser\u00e1n distribuidas en todo el territorio santafesino.<\/strong><\/p>\n<p>Una partida de 172.800 dosis de vacuna AstraZeneca arribar\u00e1 este mi\u00e9rcoles a la provincia de Santa Fe, y es la poblaci\u00f3n de 18 a 59 a\u00f1os con comorbilidades la destinataria, seg\u00fan confirmaron voceros del Ministerio de Salud a El Litoral.<\/p>\n<p>Esta forma parte del env\u00edo de 2,1 millones de dosis que llegaron este martes al pa\u00eds desde M\u00e9xico y en el marco del acuerdo de producci\u00f3n conjunta con el laboratorio argentino Richmond.<\/p>\n<p>De esta manera, ser\u00e1n las personas que tienen alguna comorbilidad las beneficiarias de esta numerosa tanda de vacunas, y se ir\u00e1 avanzando desde las personas mayores hacia las m\u00e1s j\u00f3venes.<\/p>\n<p>La ministra de Salud provincial, Sonia Martorano, hab\u00eda confirmado que a este grupo ya se le comenz\u00f3 a aplicar la primera dosis, y con esta partida grande ser\u00e1 mayor el avance sobre esta poblaci\u00f3n de riesgo.<\/p>\n<p>Martorano destac\u00f3 que se est\u00e1n inoculando a unas 25 mil personas por d\u00eda y que ya se lleg\u00f3 al 62% de la poblaci\u00f3n objetivo priorizada, porcentaje que se engrosar\u00e1 luego con el grupo de 18 a 59 con comorbilidades.<\/p>\n<p>La semana pasada hab\u00edan llegado 129.500 vacunas AstraZeneca que se destinaron a completar los esquemas de inmunizaci\u00f3n de quienes recibieron la primera dosis, entre los que se encuentran la totalidad de geri\u00e1tricos y otras personas que componen la poblaci\u00f3n objetivo.<\/p>\n<p>Seg\u00fan el \u00faltimo reporte oficial, la provincia recibi\u00f3 hasta ahora un total de 1.157.500 dosis de vacunas, de las cuales fueron aplicadas 953.028. La mayor cantidad corresponde a la rusa Sputnik V, con 622.500 unidades, en tanto arribaron tambi\u00e9n 256.600 de la Covishield y 279.000 de la Sinopharm.<\/p>\n<p>Fuente: Hagar Blau Makaroff &#8211; El Litoral<\/p>\n","protected":false},"excerpt":{"rendered":"<p>Son dosis de AstraZeneca que ser\u00e1n distribuidas en todo el territorio santafesino. Una partida de 172.800 dosis de vacuna AstraZeneca arribar\u00e1 este mi\u00e9rcoles a la provincia de Santa Fe, y es la poblaci\u00f3n de 18 a 59 a\u00f1os con comorbilidades la destinataria, seg\u00fan confirmaron voceros del Ministerio de Salud a El Litoral. Esta forma parte [&hellip;]<\/p>\n","protected":false},"author":3,"featured_media":20228,"comment_status":"open","ping_status":"open","sticky":false,"template":"","format":"standard","meta":{"_joinchat":[],"footnotes":""},"categories":[60],"tags":[],"class_list":{"0":"post-21582","1":"post","2":"type-post","3":"status-publish","4":"format-standard","5":"has-post-thumbnail","7":"category-provinciales"},"_links":{"self":[{"href":"https:\/\/infovera.com.ar\/web\/wp-json\/wp\/v2\/posts\/21582","targetHints":{"allow":["GET"]}}],"collection":[{"href":"https:\/\/infovera.com.ar\/web\/wp-json\/wp\/v2\/posts"}],"about":[{"href":"https:\/\/infovera.com.ar\/web\/wp-json\/wp\/v2\/types\/post"}],"author":[{"embeddable":true,"href":"https:\/\/infovera.com.ar\/web\/wp-json\/wp\/v2\/users\/3"}],"replies":[{"embeddable":true,"href":"https:\/\/infovera.com.ar\/web\/wp-json\/wp\/v2\/comments?post=21582"}],"version-history":[{"count":0,"href":"https:\/\/infovera.com.ar\/web\/wp-json\/wp\/v2\/posts\/21582\/revisions"}],"wp:featuredmedia":[{"embeddable":true,"href":"https:\/\/infovera.com.ar\/web\/wp-json\/wp\/v2\/media\/20228"}],"wp:attachment":[{"href":"https:\/\/infovera.com.ar\/web\/wp-json\/wp\/v2\/media?parent=21582"}],"wp:term":[{"taxonomy":"category","embeddable":true,"href":"https:\/\/infovera.com.ar\/web\/wp-json\/wp\/v2\/categories?post=21582"},{"taxonomy":"post_tag","embeddable":true,"href":"https:\/\/infovera.com.ar\/web\/wp-json\/wp\/v2\/tags?post=21582"}],"curies":[{"name":"wp","href":"https:\/\/api.w.org\/{rel}","templated":true}]}}